{"id":138,"date":"2024-11-29T14:25:47","date_gmt":"2024-11-29T17:25:47","guid":{"rendered":"https:\/\/alenrio.org.br\/encontro\/?p=138"},"modified":"2024-11-29T14:25:47","modified_gmt":"2024-11-29T17:25:47","slug":"descendente-de-imigrantes-alemaes-memorias-de-um-lugar-de-ser","status":"publish","type":"post","link":"https:\/\/alenrio.org.br\/encontro\/descendente-de-imigrantes-alemaes-memorias-de-um-lugar-de-ser\/","title":{"rendered":"Descendente de imigrantes alem\u00e3es: mem\u00f3rias de um lugar de ser"},"content":{"rendered":"\n<p>O tempo faz seu curso em um caminho talhado de mem\u00f3rias que constituem os sujeitos. E aqui quero mencionar as mem\u00f3rias que desvelam um elo, e falam de um lugar de perten\u00e7a: o de descendente de imigrantes alem\u00e3es. Deste lugar, percorro os anos da minha vida, e em cada ref\u00fagio de lembran\u00e7as encontro a presen\u00e7a do elemento fundamental que materializa o sentimento de perten\u00e7a: a l\u00edngua de imigra\u00e7\u00e3o alem\u00e3.<\/p>\n\n\n\n<p>As recorda\u00e7\u00f5es da mais tenra idade me levam at\u00e9 na casa da <em>oma<a href=\"#_ftn1\" id=\"_ftnref1\"><strong>[1]<\/strong><\/a><\/em>, onde depois do almo\u00e7o de domingo&nbsp; a&nbsp; lou\u00e7a&nbsp; era&nbsp; secada&nbsp; com&nbsp; um&nbsp; pano&nbsp; de prato&nbsp; pintado&nbsp; \u00e0&nbsp; m\u00e3o,&nbsp; em&nbsp; que&nbsp; estava&nbsp; escrito&nbsp; \u201c<em>Der&nbsp; Herr ist mein Hirte, mir wird nichts mangeln<\/em><a href=\"#_ftn2\" id=\"_ftnref2\">[2]<\/a>\u201d. Sobre a tampa do fog\u00e3o havia outro pano estendido que dizia \u201c<em>Sonntag<a href=\"#_ftn3\" id=\"_ftnref3\"><strong>[3]<\/strong><\/a><\/em>\u201d, e na parede um lindo <em>wandschoner<a href=\"#_ftn4\" id=\"_ftnref4\"><strong>[4]<\/strong><\/a><\/em>&nbsp; antigo&nbsp; bordado&nbsp; em&nbsp; letra&nbsp; g\u00f3tica,&nbsp; anunciando&nbsp; \u201c<em>Ich aber und mein Haus, wir wollen dem Herrn dienen! Josua 24:15<a href=\"#_ftn5\" id=\"_ftnref5\"><strong>[5]<\/strong><\/a><\/em>\u201d. Sobre a mesa, um delicado vaso de flores colhidas no jardim, e um conhecido livro que em sua capa dizia \u201c<em>Die Heilige Schrift<a href=\"#_ftn6\" id=\"_ftnref6\"><strong>[6]<\/strong><\/a><\/em>\u201d.<\/p>\n\n\n\n<p>No seio do lar, as mem\u00f3rias da inf\u00e2ncia me trazem meus pais, me ensinando a orar <em>\u201cIch bin Klein, mein Herz ist rein. <\/em><em>Darf niemand drin wohnen als Jesus allein<a href=\"#_ftn7\" id=\"_ftnref7\"><strong>[7]<\/strong><\/a>\u201d.<\/em> No tranquilo cotidiano da vida na ro\u00e7a, sempre se ouvia alguma can\u00e7\u00e3o docemente cantarolada, rompendo o sil\u00eancio dos dias adornados pela paz que impera na simplicidade e beleza do campo. Dentre as melodias favoritas do meu pai, h\u00e1 uma que faz meu cora\u00e7\u00e3o transbordar de saudades, pois me leva de volta ao tempo em que ainda podia ouvir a sua firme a afinada voz entoando \u201c<em>Nur einmal machst du diese Reise, lass eine gute Spur zur\u00fcck<a href=\"#_ftn8\" id=\"_ftnref8\"><strong>[8]<\/strong><\/a>! [&#8230;]\u201d. <\/em>Da mesma forma, me recordo dele amorosamente me disciplinando: <em>\u201cJa, ist j\u00e1. Nein, ist nein<a href=\"#_ftn9\" id=\"_ftnref9\"><strong>[9]<\/strong><\/a>\u201d<\/em>; e essa clareza de discernimento tem sido uma valorosa heran\u00e7a.<\/p>\n\n\n\n<p>Dos afetos mais pessoais, aos sujeitos da minha pesquisa de Tese de Doutorado&#8230; Recordo-me t\u00e3o bem de uma das entrevistas, em que um senhor idoso, recentemente falecido,&nbsp; com o olhar marejado de l\u00e1grimas ap\u00f3s evocar suas mem\u00f3rias, me disse : <em>\u201cWegen dieser Sprache, der einzigen, die ich in meinem Leben wirklich gelernt habe, wurde ich verhaftet und bestraft. Aber sagen Sie mir, es das heute noch vichtig?<a href=\"#_ftn10\" id=\"_ftnref10\"><strong>[10]<\/strong><\/a>\u201d<\/em>. E foi esse questionamento que me acompanhou em todo o percurso do fazer cient\u00edfico e me permitiu mostrar que sim, \u201c<em>dieser Sprache ist vichtig<a href=\"#_ftn11\" id=\"_ftnref11\"><strong>[11]<\/strong><\/a>\u201d<\/em>.<\/p>\n\n\n\n<p>Especialmente, porque n\u00e3o \u00e9 s\u00f3 uma l\u00edngua; \u00e9 sobre um povo, um lugar, uma hist\u00f3ria e uma mem\u00f3ria que se resumem em uma forma de ser no mundo. N\u00e3o se trata de estar entre dois lugares, mas de um lugar de <em>ser:<\/em> descendente de imigrantes alem\u00e3es, ou, simplesmente \u201calem\u00e3es\u201d, constitu\u00eddos pela identidade de perten\u00e7a. A identidade que \u00e9 o elo a uma <em>Heimat<a href=\"#_ftn12\" id=\"_ftnref12\"><strong>[12]<\/strong><\/a> <\/em>que nunca vislumbraram com seus pr\u00f3prios olhos, mas que corre em suas veias e pulsa em seu peito com uma for\u00e7a indom\u00e1vel, arraigada no tempo.<\/p>\n\n\n\n<p><strong>MINIBIOGRAFIA:<\/strong><\/p>\n\n\n\n<p>&#8211; Natural de Novo Machado &#8211; RS, nasceu em 21 de janeiro de 1995. \u00c9 filha de Nilse Fiepke e Rubin Airton Fiepke (in memoriam); e casada com Maichel Carpenedo.<\/p>\n\n\n\n<p>&#8211; Possui Gradua\u00e7\u00e3o em Jornalismo, Mestrado e Doutorado em Letras, pela Universidade Federal de Santa Maria (UFSM).<\/p>\n\n\n\n<p>&#8211; \u00c9 membro fundadora da Academia de Letras do Noroeste do Rio Grande do Sul (ALENRIO). No que tange ao g\u00eanero liter\u00e1rio, tem escrito principalmente Poesia e Cr\u00f4nica.<\/p>\n\n\n\n<p>&#8211; Atualmente \u00e9 Diretora de Supervis\u00e3o e Educa\u00e7\u00e3o, na Secretaria Municipal de Educa\u00e7\u00e3o, Cultura, Desporto e Lazer, de Novo Machado &#8211; RS.<\/p>\n\n\n\n<hr class=\"wp-block-separator has-alpha-channel-opacity\"\/>\n\n\n\n<p><a href=\"#_ftnref1\" id=\"_ftn1\">[1]<\/a> Tradu\u00e7\u00e3o nossa: Av\u00f3.<\/p>\n\n\n\n<p><a href=\"#_ftnref2\" id=\"_ftn2\">[2]<\/a> Tradu\u00e7\u00e3o nossa: O Senhor \u00e9 o meu pastor e nada me faltar\u00e1.<\/p>\n\n\n\n<p><a href=\"#_ftnref3\" id=\"_ftn3\">[3]<\/a> Tradu\u00e7\u00e3o nossa: Domingo.<\/p>\n\n\n\n<p><a href=\"#_ftnref4\" id=\"_ftn4\">[4]<\/a> Tradu\u00e7\u00e3o nossa: Pano de parede.<\/p>\n\n\n\n<p><a href=\"#_ftnref5\" id=\"_ftn5\">[5]<\/a> Tradu\u00e7\u00e3o nossa: Mas quanto a mim e \u00e0 minha casa, queremos servir ao Senhor! Josu\u00e9 24:15.<\/p>\n\n\n\n<p><a href=\"#_ftnref6\" id=\"_ftn6\">[6]<\/a> Tradu\u00e7\u00e3o nossa: Sagradas Escrituras.<\/p>\n\n\n\n<p><a href=\"#_ftnref7\" id=\"_ftn7\">[7]<\/a> Tradu\u00e7\u00e3o nossa: Sou pequeno, meu cora\u00e7\u00e3o \u00e9 puro. Ningu\u00e9m tem permiss\u00e3o para morar l\u00e1, exceto Jesus sozinho.<\/p>\n\n\n\n<p><a href=\"#_ftnref8\" id=\"_ftn8\">[8]<\/a>Tradu\u00e7\u00e3o nossa: Voc\u00ea s\u00f3 faz essa jornada uma vez; deixa um bom rastro para tr\u00e1s!<\/p>\n\n\n\n<p><a href=\"#_ftnref9\" id=\"_ftn9\">[9]<\/a> Tradu\u00e7\u00e3o nossa: Sim, \u00e9 sim. N\u00e3o, \u00e9 n\u00e3o.<\/p>\n\n\n\n<p><a href=\"#_ftnref10\" id=\"_ftn10\">[10]<\/a> Tradu\u00e7\u00e3o nossa: Por causa dessa l\u00edngua, a \u00fanica que verdadeiramente aprendi na vida, eu fui preso e castigado. Mas me diga, isso ainda importa hoje?<\/p>\n\n\n\n<p><a href=\"#_ftnref11\" id=\"_ftn11\">[11]<\/a> Tradu\u00e7\u00e3o nossa: Essa l\u00edngua \u00e9 importante\/ essa l\u00edngua importa.<\/p>\n\n\n\n<p><a href=\"#_ftnref12\" id=\"_ftn12\">[12]<\/a> Tradu\u00e7\u00e3o nossa: P\u00e1tria (sentido: lugar de origem comum).<\/p>\n","protected":false},"excerpt":{"rendered":"<p>O tempo faz seu curso em um caminho talhado de mem\u00f3rias que constituem os sujeitos. E aqui quero mencionar as mem\u00f3rias que desvelam um elo, e falam de um lugar de perten\u00e7a: o de descendente de imigrantes alem\u00e3es. Deste lugar, percorro os anos da minha vida, e em cada ref\u00fagio de lembran\u00e7as encontro a presen\u00e7a [&hellip;]<\/p>\n","protected":false},"author":2,"featured_media":0,"comment_status":"closed","ping_status":"open","sticky":false,"template":"","format":"standard","meta":{"footnotes":""},"categories":[5],"tags":[14,13],"class_list":["post-138","post","type-post","status-publish","format-standard","hentry","category-anais","tag-cronica","tag-rejane-fiepke-carpenedo"],"_links":{"self":[{"href":"https:\/\/alenrio.org.br\/encontro\/wp-json\/wp\/v2\/posts\/138","targetHints":{"allow":["GET"]}}],"collection":[{"href":"https:\/\/alenrio.org.br\/encontro\/wp-json\/wp\/v2\/posts"}],"about":[{"href":"https:\/\/alenrio.org.br\/encontro\/wp-json\/wp\/v2\/types\/post"}],"author":[{"embeddable":true,"href":"https:\/\/alenrio.org.br\/encontro\/wp-json\/wp\/v2\/users\/2"}],"replies":[{"embeddable":true,"href":"https:\/\/alenrio.org.br\/encontro\/wp-json\/wp\/v2\/comments?post=138"}],"version-history":[{"count":1,"href":"https:\/\/alenrio.org.br\/encontro\/wp-json\/wp\/v2\/posts\/138\/revisions"}],"predecessor-version":[{"id":139,"href":"https:\/\/alenrio.org.br\/encontro\/wp-json\/wp\/v2\/posts\/138\/revisions\/139"}],"wp:attachment":[{"href":"https:\/\/alenrio.org.br\/encontro\/wp-json\/wp\/v2\/media?parent=138"}],"wp:term":[{"taxonomy":"category","embeddable":true,"href":"https:\/\/alenrio.org.br\/encontro\/wp-json\/wp\/v2\/categories?post=138"},{"taxonomy":"post_tag","embeddable":true,"href":"https:\/\/alenrio.org.br\/encontro\/wp-json\/wp\/v2\/tags?post=138"}],"curies":[{"name":"wp","href":"https:\/\/api.w.org\/{rel}","templated":true}]}}