{"id":152,"date":"2024-11-29T16:15:37","date_gmt":"2024-11-29T19:15:37","guid":{"rendered":"https:\/\/alenrio.org.br\/encontro\/?p=152"},"modified":"2024-11-29T16:15:56","modified_gmt":"2024-11-29T19:15:56","slug":"homenagem-a-sadi-camera","status":"publish","type":"post","link":"https:\/\/alenrio.org.br\/encontro\/homenagem-a-sadi-camera\/","title":{"rendered":"Homenagem a Sadi Camera"},"content":{"rendered":"\n<p>Foi professor dedicado, competente escritor, roteirista e compositor de muitas m\u00fasicas. Estou falando do saudoso Sadi Camera, membro fundador da Alenrio, ocupou a cadeira n\u00famero 6. Nasceu no dia 28 de abril de 1949, em Tucunduva. Atuou na pesquisa e cataloga\u00e7\u00e3o de hist\u00f3rias e lendas, sempre priorizando e valorizando a nossa regi\u00e3o.<\/p>\n\n\n\n<p>Produziu a obra \u201cA Feiticeira de Tucunduva\u201d nos formatos de livro e roteiro, hist\u00f3ria finalista do New York Festivals Film &amp; V\u00eddeo<\/p>\n\n\n\n<p>Quero homenage\u00e1-lo, com muita honra, apresentando um trecho do Livro \u201cOs Saqueadores de Tucunduva: a Saga dos Migrantes 1920-1926\u201d, onde tem a participa\u00e7\u00e3o do meu bisav\u00f3 Antoine Servat .<\/p>\n\n\n\n<figure class=\"wp-block-table\"><table class=\"has-fixed-layout\"><tbody><tr><td>\u201cO dia estava muito quente e dificultava muito a caminhada, no caminho encontraram mais uma caravana de pessoas, que estavam indo para assumirem suas terras. Conversavam um pouco com os soldados e seguiam seus caminhos, agora mais tranquilos e seguros, sabendo da pris\u00e3o daqueles homens. &nbsp;\u00c0 tardinha, chegaram finalmente, na Col\u00f4nia 14 de Julho, onde j\u00e1 havia dois carro\u00e7\u00f5es, que eram puxados por cavalos, do quartel avan\u00e7ado de Santo \u00c2ngelo, e um pelot\u00e3o de soldados, que levariam os prisioneiros at\u00e9 Cruz Alta, para serem julgados. Naquela mesma noite, o Capit\u00e3o Artur, entregou os prisioneiros ao comandante do outro pelot\u00e3o, dando por encerrada sua miss\u00e3o, realizado com sucesso e sem baixas, Deu uma quantia de dinheiro para cada componente de seu grupo, inclusive aos inspetores. Agradeceu o esfor\u00e7o e a dedica\u00e7\u00e3o de todos, dizendo que permaneceria mais uns dias por ali com seus soldados e depois iria para o quartel general para depor sobre sua miss\u00e3o. Hora encerrada, os inspetores, cada um iria para sua regi\u00e3o. &nbsp; Na manh\u00e3 seguinte, dois carro\u00e7\u00f5es partiram com os prisioneiros com destino \u00e0 Santo \u00c2ngelo para dali irem de trem at\u00e9 o destino, o quartel de Cruz Alta, onde seriam interrogados e aguardariam julgamento. Essa foi a \u00faltima vez que os prisioneiros foram visto na regi\u00e3o. A paz voltou para as fam\u00edlias, que voltaram a viver sem medos e assim trabalhando mais e mais, para desenvolver esta terra que tanto lhes deu esperan\u00e7as de dias melhores e mais felizes. Jeovani, que era um dos mais velhos deste grupo, nasceu em 24 de abril de 1867, em uma regi\u00e3o da \u00c0ustria que hoje pertence \u00e0 It\u00e1lia. Chegou ao Brasil com seus pais, Giacomo Fronza e Dorot\u00e9a Damonte e mais cinco irm\u00e3os: Anna, 12 anos; Joachini, 2 anos; Augusto, 7 anos; Teresa, 5 anos; Rachelle com 2 anos. Aqui, com o tempo, come\u00e7aram constituir suas fam\u00edlias em Bento Gon\u00e7alves. Anna casou-se com Ant\u00f4nio Servat, mas aconteceu que Anna faleceu antes de ter filhos, ent\u00e3o sua irm\u00e3 Teresa, casou-se com Ant\u00f4nio. Joachini, faleceu ainda jovem. Augusto n\u00e3o se casou. Rachelle casou-se com \u00c2ngelo Cembranel.\u201d &nbsp;<\/td><\/tr><\/tbody><\/table><\/figure>\n\n\n\n<p>Sadi faleceu no dia 11 de outubro 2024. Com certeza, nos deixou um grande legado. Enfrentou grandes desafios e nos proporcionou muita emo\u00e7\u00e3o em toda sua obra liter\u00e1ria. Sempre atuou com dedica\u00e7\u00e3o e comprometimento, conquistando o respeito e a admira\u00e7\u00e3o de todos.<\/p>\n\n\n\n<p>Teresinha Servat Gazola<\/p>\n","protected":false},"excerpt":{"rendered":"<p>Foi professor dedicado, competente escritor, roteirista e compositor de muitas m\u00fasicas. Estou falando do saudoso Sadi Camera, membro fundador da Alenrio, ocupou a cadeira n\u00famero 6. Nasceu no dia 28 de abril de 1949, em Tucunduva. Atuou na pesquisa e cataloga\u00e7\u00e3o de hist\u00f3rias e lendas, sempre priorizando e valorizando a nossa regi\u00e3o. Produziu a obra [&hellip;]<\/p>\n","protected":false},"author":2,"featured_media":0,"comment_status":"closed","ping_status":"open","sticky":false,"template":"","format":"standard","meta":{"footnotes":""},"categories":[5],"tags":[10,15],"class_list":["post-152","post","type-post","status-publish","format-standard","hentry","category-anais","tag-narrativa","tag-teresinha-servat-gazola"],"_links":{"self":[{"href":"https:\/\/alenrio.org.br\/encontro\/wp-json\/wp\/v2\/posts\/152","targetHints":{"allow":["GET"]}}],"collection":[{"href":"https:\/\/alenrio.org.br\/encontro\/wp-json\/wp\/v2\/posts"}],"about":[{"href":"https:\/\/alenrio.org.br\/encontro\/wp-json\/wp\/v2\/types\/post"}],"author":[{"embeddable":true,"href":"https:\/\/alenrio.org.br\/encontro\/wp-json\/wp\/v2\/users\/2"}],"replies":[{"embeddable":true,"href":"https:\/\/alenrio.org.br\/encontro\/wp-json\/wp\/v2\/comments?post=152"}],"version-history":[{"count":1,"href":"https:\/\/alenrio.org.br\/encontro\/wp-json\/wp\/v2\/posts\/152\/revisions"}],"predecessor-version":[{"id":153,"href":"https:\/\/alenrio.org.br\/encontro\/wp-json\/wp\/v2\/posts\/152\/revisions\/153"}],"wp:attachment":[{"href":"https:\/\/alenrio.org.br\/encontro\/wp-json\/wp\/v2\/media?parent=152"}],"wp:term":[{"taxonomy":"category","embeddable":true,"href":"https:\/\/alenrio.org.br\/encontro\/wp-json\/wp\/v2\/categories?post=152"},{"taxonomy":"post_tag","embeddable":true,"href":"https:\/\/alenrio.org.br\/encontro\/wp-json\/wp\/v2\/tags?post=152"}],"curies":[{"name":"wp","href":"https:\/\/api.w.org\/{rel}","templated":true}]}}