{"id":178,"date":"2024-12-01T21:52:55","date_gmt":"2024-12-02T00:52:55","guid":{"rendered":"https:\/\/alenrio.org.br\/encontro\/?p=178"},"modified":"2024-12-01T21:52:55","modified_gmt":"2024-12-02T00:52:55","slug":"hermenegildo","status":"publish","type":"post","link":"https:\/\/alenrio.org.br\/encontro\/hermenegildo\/","title":{"rendered":"\u00a0Hermenegildo"},"content":{"rendered":"\n<p><strong>H<\/strong>omem corajoso e destemido<br><strong>E<\/strong>ntre o desespero e o abandono<br><strong>R<\/strong>ecorreu \u00e0 paz e a liberdade<br><strong>M<\/strong>esmo sem grana ee fam\u00edlia<br><strong>E<\/strong>nfrentou os desafios da pr\u00f3pria vida<br><strong>N<\/strong>avegou 31 dias nos por\u00f5es de um um navio<br><strong>E<\/strong>ncontrou guarida num pa\u00eds estranho<br><strong>G<\/strong>anhou confian\u00e7a pela honestidade<br><strong>I<\/strong>menso era seu amor pela vida<br><strong>L<\/strong>eal no trabalho e na amizade<br><strong>D<\/strong>eus o proteja na eternidade<br><strong>O<\/strong>nde descansa como filho amado.<\/p>\n\n\n\n<p>Cleci Maria Scheid<\/p>\n","protected":false},"excerpt":{"rendered":"<p>Homem corajoso e destemidoEntre o desespero e o abandonoRecorreu \u00e0 paz e a liberdadeMesmo sem grana ee fam\u00edliaEnfrentou os desafios da pr\u00f3pria vidaNavegou 31 dias nos por\u00f5es de um um navioEncontrou guarida num pa\u00eds estranhoGanhou confian\u00e7a pela honestidadeImenso era seu amor pela vidaLeal no trabalho e na amizadeDeus o proteja na eternidadeOnde descansa como filho [&hellip;]<\/p>\n","protected":false},"author":2,"featured_media":0,"comment_status":"closed","ping_status":"open","sticky":false,"template":"","format":"standard","meta":{"footnotes":""},"categories":[5],"tags":[17,16],"class_list":["post-178","post","type-post","status-publish","format-standard","hentry","category-anais","tag-acrostico","tag-cleci-maria-scheid"],"_links":{"self":[{"href":"https:\/\/alenrio.org.br\/encontro\/wp-json\/wp\/v2\/posts\/178","targetHints":{"allow":["GET"]}}],"collection":[{"href":"https:\/\/alenrio.org.br\/encontro\/wp-json\/wp\/v2\/posts"}],"about":[{"href":"https:\/\/alenrio.org.br\/encontro\/wp-json\/wp\/v2\/types\/post"}],"author":[{"embeddable":true,"href":"https:\/\/alenrio.org.br\/encontro\/wp-json\/wp\/v2\/users\/2"}],"replies":[{"embeddable":true,"href":"https:\/\/alenrio.org.br\/encontro\/wp-json\/wp\/v2\/comments?post=178"}],"version-history":[{"count":1,"href":"https:\/\/alenrio.org.br\/encontro\/wp-json\/wp\/v2\/posts\/178\/revisions"}],"predecessor-version":[{"id":179,"href":"https:\/\/alenrio.org.br\/encontro\/wp-json\/wp\/v2\/posts\/178\/revisions\/179"}],"wp:attachment":[{"href":"https:\/\/alenrio.org.br\/encontro\/wp-json\/wp\/v2\/media?parent=178"}],"wp:term":[{"taxonomy":"category","embeddable":true,"href":"https:\/\/alenrio.org.br\/encontro\/wp-json\/wp\/v2\/categories?post=178"},{"taxonomy":"post_tag","embeddable":true,"href":"https:\/\/alenrio.org.br\/encontro\/wp-json\/wp\/v2\/tags?post=178"}],"curies":[{"name":"wp","href":"https:\/\/api.w.org\/{rel}","templated":true}]}}