{"id":182,"date":"2024-12-01T21:56:20","date_gmt":"2024-12-02T00:56:20","guid":{"rendered":"https:\/\/alenrio.org.br\/encontro\/?p=182"},"modified":"2024-12-01T21:56:20","modified_gmt":"2024-12-02T00:56:20","slug":"definicao-para-a-arvore","status":"publish","type":"post","link":"https:\/\/alenrio.org.br\/encontro\/definicao-para-a-arvore\/","title":{"rendered":"Defini\u00e7\u00e3o para a \u00e1rvore"},"content":{"rendered":"\n<p>A \u00e1rvore \u00e9 mais que simples vegetal.<br>Urge enxerg\u00e1-la al\u00e9m da apar\u00eancia,<br>compreender no \u00ednfimo sua ess\u00eancia<br>e valorar esse belo ser da natureza.<br>O tronco frondoso ostenta grandeza,<br>onde o poeta busca a inspira\u00e7\u00e3o,<br>no lirismo da arte desvela afei\u00e7\u00e3o,<br>a \u00e1rvore vira poema de rara beleza.<\/p>\n\n\n\n<p>O romance: Meu P\u00e9 De Laranja Lima,<br>fala da rela\u00e7\u00e3o do autor com a limeira.<br>Rachel de Queir\u00f3s lembra da jaqueira,<br>na Cr\u00f4nica: Talvez o \u00daltimo Desejo.<br>Humberto de Campos fala do cajueiro.<br>Quintana fez a Can\u00e7\u00e3o da Primavera,<br>para que dancemos e como a esmera,<br>da paineira a florir, seja nosso desfejo.<\/p>\n\n\n\n<p>\u00c1rvore tem vida, nome e uma hist\u00f3ria,<br>produz lindas flores, frutos e sementes,<br>abranda o calor nos dias mais quentes<br>e as suas belezas adornam paisagens.<br>No lindo tronco com verdes ramagens,<br>aves aos bandos encontram guarida,<br>escondem os ninhos repletos de vida,<br>entre os galhos e espessas folhagens.<\/p>\n\n\n\n<p>Busco sua sombra e recebo bem mais.<br>Ela d\u00e1 aconchego, me faz companhia,<br>revigora meu corpo, renova a energia<br>e o ar mais puro t\u00e3o bom de respirar.<br>Nos aromas florais perfumando o lugar,<br>os sonhos despertam, a alma irradia\u2026<br>A \u00e1rvore e eu vivemos em harmonia.<br>Entrela\u00e7adas vivemos na mesma paz.<\/p>\n\n\n\n<p>Quisera a \u00e1rvore n\u00e3o fosse vista apenas,<br>como lenha, ou madeira de constru\u00e7\u00e3o;<br>e fizessem para ela uma justa defini\u00e7\u00e3o:<br>\u201cA \u00c1rvore \u00e9 Patrim\u00f4nio da Humanidade.\u201d<br>O sonho do poeta expressa a realidade.<br>Cuidar do ambiente \u00e9 atitude essencial.<br>\u00c9 preciso amenizar o Aquecimento Global;<br>para que a Terra conserve a integridade.<br><\/p>\n\n\n\n<p>Nair Carpenedo<br><br>(Extra\u00eddo do livro Um Sonho Dentro de Um Sonho<br>Seleta de Prosas e Versos. P\u00e1gina 33. Publicado em 2015.)<\/p>\n","protected":false},"excerpt":{"rendered":"<p>A \u00e1rvore \u00e9 mais que simples vegetal.Urge enxerg\u00e1-la al\u00e9m da apar\u00eancia,compreender no \u00ednfimo sua ess\u00eanciae valorar esse belo ser da natureza.O tronco frondoso ostenta grandeza,onde o poeta busca a inspira\u00e7\u00e3o,no lirismo da arte desvela afei\u00e7\u00e3o,a \u00e1rvore vira poema de rara beleza. O romance: Meu P\u00e9 De Laranja Lima,fala da rela\u00e7\u00e3o do autor com a limeira.Rachel [&hellip;]<\/p>\n","protected":false},"author":2,"featured_media":0,"comment_status":"closed","ping_status":"open","sticky":false,"template":"","format":"standard","meta":{"footnotes":""},"categories":[5],"tags":[18,19],"class_list":["post-182","post","type-post","status-publish","format-standard","hentry","category-anais","tag-nair-carpenedo","tag-poema"],"_links":{"self":[{"href":"https:\/\/alenrio.org.br\/encontro\/wp-json\/wp\/v2\/posts\/182","targetHints":{"allow":["GET"]}}],"collection":[{"href":"https:\/\/alenrio.org.br\/encontro\/wp-json\/wp\/v2\/posts"}],"about":[{"href":"https:\/\/alenrio.org.br\/encontro\/wp-json\/wp\/v2\/types\/post"}],"author":[{"embeddable":true,"href":"https:\/\/alenrio.org.br\/encontro\/wp-json\/wp\/v2\/users\/2"}],"replies":[{"embeddable":true,"href":"https:\/\/alenrio.org.br\/encontro\/wp-json\/wp\/v2\/comments?post=182"}],"version-history":[{"count":1,"href":"https:\/\/alenrio.org.br\/encontro\/wp-json\/wp\/v2\/posts\/182\/revisions"}],"predecessor-version":[{"id":183,"href":"https:\/\/alenrio.org.br\/encontro\/wp-json\/wp\/v2\/posts\/182\/revisions\/183"}],"wp:attachment":[{"href":"https:\/\/alenrio.org.br\/encontro\/wp-json\/wp\/v2\/media?parent=182"}],"wp:term":[{"taxonomy":"category","embeddable":true,"href":"https:\/\/alenrio.org.br\/encontro\/wp-json\/wp\/v2\/categories?post=182"},{"taxonomy":"post_tag","embeddable":true,"href":"https:\/\/alenrio.org.br\/encontro\/wp-json\/wp\/v2\/tags?post=182"}],"curies":[{"name":"wp","href":"https:\/\/api.w.org\/{rel}","templated":true}]}}