{"id":185,"date":"2024-12-01T22:00:11","date_gmt":"2024-12-02T01:00:11","guid":{"rendered":"https:\/\/alenrio.org.br\/encontro\/?p=185"},"modified":"2024-12-01T22:00:11","modified_gmt":"2024-12-02T01:00:11","slug":"quem-sou-eu-afinal","status":"publish","type":"post","link":"https:\/\/alenrio.org.br\/encontro\/quem-sou-eu-afinal\/","title":{"rendered":"Quem sou eu, afinal?"},"content":{"rendered":"\n<p>Letra de Jos\u00e9 Orlando Sch\u00e4fer e a m\u00fasica em parceria com Rafael de Oliveira Rodrigues<\/p>\n\n\n\n<p>Quem sou eu, afinal? Ah, que dilema crucial<br>Parte de mim \u00e9 \u201cnatura\u201d. A outra a mais pura \u201ccultura\u201d<br>Numa parte sou guerra, em luta visceral.<br>Noutra parte sou paz e amor, a ess\u00eancia da pr\u00f3pria candura.<br>S\u00e3o duas partes em mim, isso eu n\u00e3o posso evitar<br>Uma me leva \u00e0 loucura, de no escuro at\u00e9 mergulhar<br>A outra me leva \u00e0s alturas e d\u00e1 sentido ao amar<br>S\u00e3o duas partes em mim, delas me cabe cuidar<br>Veja amigo, \u00e9 bem assim, a m\u00e3o que afaga, pode lan\u00e7ar o punhal.<br>O Homem tem poder sem fim, fazer a escolha entre o bem e o mal!<\/p>\n\n\n\n<p>Saber quem eu sou \u00e9 vital, me faz manter a ternura<br>Ter compreens\u00e3o mais segura, seja do outro, seja de mim<br>Se somos todos, enfim, loucura e, ao mesmo tempo, candura<br>A \u201cHumanidade\u201d em todos emerge, precisamente, assim.<\/p>\n","protected":false},"excerpt":{"rendered":"<p>Letra de Jos\u00e9 Orlando Sch\u00e4fer e a m\u00fasica em parceria com Rafael de Oliveira Rodrigues Quem sou eu, afinal? Ah, que dilema crucialParte de mim \u00e9 \u201cnatura\u201d. A outra a mais pura \u201ccultura\u201dNuma parte sou guerra, em luta visceral.Noutra parte sou paz e amor, a ess\u00eancia da pr\u00f3pria candura.S\u00e3o duas partes em mim, isso eu [&hellip;]<\/p>\n","protected":false},"author":2,"featured_media":0,"comment_status":"closed","ping_status":"open","sticky":false,"template":"","format":"standard","meta":{"footnotes":""},"categories":[5],"tags":[20,21],"class_list":["post-185","post","type-post","status-publish","format-standard","hentry","category-anais","tag-jose-orlando-schafer","tag-musica"],"_links":{"self":[{"href":"https:\/\/alenrio.org.br\/encontro\/wp-json\/wp\/v2\/posts\/185","targetHints":{"allow":["GET"]}}],"collection":[{"href":"https:\/\/alenrio.org.br\/encontro\/wp-json\/wp\/v2\/posts"}],"about":[{"href":"https:\/\/alenrio.org.br\/encontro\/wp-json\/wp\/v2\/types\/post"}],"author":[{"embeddable":true,"href":"https:\/\/alenrio.org.br\/encontro\/wp-json\/wp\/v2\/users\/2"}],"replies":[{"embeddable":true,"href":"https:\/\/alenrio.org.br\/encontro\/wp-json\/wp\/v2\/comments?post=185"}],"version-history":[{"count":1,"href":"https:\/\/alenrio.org.br\/encontro\/wp-json\/wp\/v2\/posts\/185\/revisions"}],"predecessor-version":[{"id":186,"href":"https:\/\/alenrio.org.br\/encontro\/wp-json\/wp\/v2\/posts\/185\/revisions\/186"}],"wp:attachment":[{"href":"https:\/\/alenrio.org.br\/encontro\/wp-json\/wp\/v2\/media?parent=185"}],"wp:term":[{"taxonomy":"category","embeddable":true,"href":"https:\/\/alenrio.org.br\/encontro\/wp-json\/wp\/v2\/categories?post=185"},{"taxonomy":"post_tag","embeddable":true,"href":"https:\/\/alenrio.org.br\/encontro\/wp-json\/wp\/v2\/tags?post=185"}],"curies":[{"name":"wp","href":"https:\/\/api.w.org\/{rel}","templated":true}]}}