{"id":192,"date":"2024-12-01T22:05:20","date_gmt":"2024-12-02T01:05:20","guid":{"rendered":"https:\/\/alenrio.org.br\/encontro\/?p=192"},"modified":"2024-12-01T22:05:20","modified_gmt":"2024-12-02T01:05:20","slug":"carta-ao-romantismo","status":"publish","type":"post","link":"https:\/\/alenrio.org.br\/encontro\/carta-ao-romantismo\/","title":{"rendered":"Carta ao Romantismo"},"content":{"rendered":"\n<p>Indiferente aos julgamentos sobre minha modesta e tenra idade, tenho-vos a garantir que minha alma n\u00e3o compartilha com a idade biol\u00f3gica. Considero-me muito senil para estas 28 primaveras que j\u00e1 s\u00e3o aparentes na minha fronte. Incompatibilizo-me com os rumos que o impalp\u00e1vel e invis\u00edvel vem tomando.<\/p>\n\n\n\n<p>N\u00e3o estou aqui para me autobiografar, mas sim para lamentar publicamente a falta de poesia nas vidas de tantos. Voc\u00eas entender\u00e3o. Poesia e romance s\u00e3o sin\u00f4nimos. O romantismo est\u00e1 em extin\u00e7\u00e3o. E garanto-lhes: poucos est\u00e3o motivados \u00e0 sua procura. Que pena. Os professores desta disciplina, que deveria fazer parte do curr\u00edculo escolar, est\u00e3o lastimavelmente nos deixando, com poucos disc\u00edpulos capazes de ensinar a arte \u00e0 posteridade.<\/p>\n\n\n\n<p>Sem romance, depressivos padecem os corpos de tantos nas cadeiras do jardim das tristezas. Convivo neste jardim, na fun\u00e7\u00e3o de m\u00e9dico jardineiro, tentando, com p\u00edlulas ou conselhos, faz\u00ea-los plantar rosas e distribu\u00ed-las pelas ruas a todos que mirarem seus olhos.<\/p>\n\n\n\n<p>O romance \u00e9 uma fala risonha, um olhar envolvente, um aceno energizante, uma gentileza respeitosa. Engana-se aqui quem pensa que se restringe \u00e0 troca de afeto apenas entre casais. O romance est\u00e1 na polidez na conversa com o gar\u00e7om, na cortesia do tr\u00e2nsito alucinado por buzinas indiscretas, na eleg\u00e2ncia do \u201cbom dia\u201d ao porteiro.<\/p>\n\n\n\n<p>Algu\u00e9m ainda leva ma\u00e7\u00e3 para a professora? O romance est\u00e1 no bilhete redigido \u00e0 caneta, no pinheiro de Natal montado em comunh\u00e3o, na abertura da porta do carro aos acompanhantes. Encontra-se na graciosidade do abra\u00e7o aos amigos. Na eleg\u00e2ncia com a mo\u00e7a do caixa do supermercado.<\/p>\n\n\n\n<p>Escassos sabem seu endere\u00e7o, e vos escreverei em nome de todos:<\/p>\n\n\n\n<p><strong>Carta ao romantismo:<\/strong><br>\u201cSei que deves estar entristecido por ter ca\u00eddo em esquecimento por tantos. Desculpas, pe\u00e7o-te de antem\u00e3o. A verdade \u00e9 que estamos ansiosos por seu retorno. Seja l\u00e1 onde estiver, tome os rumos de nossas ess\u00eancias. Obsequiosamente. Traga consigo seus buqu\u00eas de flores, cart\u00f5es de floricultura, bilhetes no para-brisas do carro. N\u00e3o esque\u00e7as, delicadamente, do aperto de m\u00e3o, do perfume na roupa, dos elogios em p\u00fablico e do aceno sorridente.<\/p>\n\n\n\n<p>Permita-me pedir que traga junto seus primos \u201cobrigado\u201d e \u201cpor favor\u201d e um beijinho doce. Compade\u00e7a-te de nosso desatino pela rotina desgastante que o fez deix\u00e1-lo adormecido. Sem voc\u00ea, o mundo perdeu a cor. O c\u00e9u tornou-se cinza. O ar asfixiou. A chuva secou. O abra\u00e7o enrijeceu. O bom dia calou-se. Os l\u00e1bios fecharam-se. A caneta falhou. A liga\u00e7\u00e3o caiu. A flor n\u00e3o desabrochou.<\/p>\n\n\n\n<p>Adoecemos pela falta de tua presen\u00e7a.\u201d<\/p>\n\n\n\n<p>Uma mente hostil, sem romantismo, gera um corpo enfermo. <strong>GENTIL-MENTE.<\/strong> Sejamos mais am\u00e1veis, logo, mais felizes. Receitemo-nos: empatia, carinho e benqueren\u00e7a. Menos farm\u00e1cia. Maior amor e romance.<\/p>\n\n\n\n<p>Norberto Weber Werle<\/p>\n\n\n\n<p>Norberto \u00e9 m\u00e9dico e escritor.<\/p>\n","protected":false},"excerpt":{"rendered":"<p>Indiferente aos julgamentos sobre minha modesta e tenra idade, tenho-vos a garantir que minha alma n\u00e3o compartilha com a idade biol\u00f3gica. Considero-me muito senil para estas 28 primaveras que j\u00e1 s\u00e3o aparentes na minha fronte. Incompatibilizo-me com os rumos que o impalp\u00e1vel e invis\u00edvel vem tomando. N\u00e3o estou aqui para me autobiografar, mas sim para [&hellip;]<\/p>\n","protected":false},"author":2,"featured_media":0,"comment_status":"closed","ping_status":"open","sticky":false,"template":"","format":"standard","meta":{"footnotes":""},"categories":[5],"tags":[14,23],"class_list":["post-192","post","type-post","status-publish","format-standard","hentry","category-anais","tag-cronica","tag-norberto-weber-werle"],"_links":{"self":[{"href":"https:\/\/alenrio.org.br\/encontro\/wp-json\/wp\/v2\/posts\/192","targetHints":{"allow":["GET"]}}],"collection":[{"href":"https:\/\/alenrio.org.br\/encontro\/wp-json\/wp\/v2\/posts"}],"about":[{"href":"https:\/\/alenrio.org.br\/encontro\/wp-json\/wp\/v2\/types\/post"}],"author":[{"embeddable":true,"href":"https:\/\/alenrio.org.br\/encontro\/wp-json\/wp\/v2\/users\/2"}],"replies":[{"embeddable":true,"href":"https:\/\/alenrio.org.br\/encontro\/wp-json\/wp\/v2\/comments?post=192"}],"version-history":[{"count":1,"href":"https:\/\/alenrio.org.br\/encontro\/wp-json\/wp\/v2\/posts\/192\/revisions"}],"predecessor-version":[{"id":193,"href":"https:\/\/alenrio.org.br\/encontro\/wp-json\/wp\/v2\/posts\/192\/revisions\/193"}],"wp:attachment":[{"href":"https:\/\/alenrio.org.br\/encontro\/wp-json\/wp\/v2\/media?parent=192"}],"wp:term":[{"taxonomy":"category","embeddable":true,"href":"https:\/\/alenrio.org.br\/encontro\/wp-json\/wp\/v2\/categories?post=192"},{"taxonomy":"post_tag","embeddable":true,"href":"https:\/\/alenrio.org.br\/encontro\/wp-json\/wp\/v2\/tags?post=192"}],"curies":[{"name":"wp","href":"https:\/\/api.w.org\/{rel}","templated":true}]}}