{"id":195,"date":"2024-12-01T22:07:29","date_gmt":"2024-12-02T01:07:29","guid":{"rendered":"https:\/\/alenrio.org.br\/encontro\/?p=195"},"modified":"2024-12-01T22:07:29","modified_gmt":"2024-12-02T01:07:29","slug":"as-terras-do-burica","status":"publish","type":"post","link":"https:\/\/alenrio.org.br\/encontro\/as-terras-do-burica\/","title":{"rendered":"As Terras do Buric\u00e1"},"content":{"rendered":"\n<p>O sol brilha e, \u00e9 ardente<br>Vento sopra nome forte<br>Tem minuano e ventania<br>\u00cdndio presente no vento norte<br>Na tal lenda do vento quente<br>Grande feitura de vida e morte<\/p>\n\n\n\n<p>Antes dos sinos a algaravia<br>Justo o espanto do guairac\u00e1<br>Na chuva farta do inhacor\u00e1<br>De gota em gota no cabedal<br>Som do sil\u00eancio na noite fria<br>Sapos em festa no banhadal<\/p>\n\n\n\n<p>Na boa terra que foi guria<br>Que j\u00e1 mais mo\u00e7a, se apresentou<br>Quer\u00eancia chucra da alegria<br>Viveu as gl\u00f3rias de uma jornada<br>Nos velhos tempos de autonomia<br>Ecoavam gritos na madrugada<\/p>\n\n\n\n<p>Essa bugrada vivia em festa<br>Aqui em cima na densa mata<br>Donos do ch\u00e3o da alta floresta<br>Com seus irm\u00e3os e outros buenachos<br>Cobrindo a \u00e1rea dos pampas de baixo<br>Fazia: lan\u00e7as, pinturas, penachos<\/p>\n\n\n\n<p>Nossos rios n\u00e3o tinham nome<br>No entremeio, um para\u00edso<br>A terra farta de um s\u00f3 povo<br>Dava aquilo que \u00e9 preciso<br>A tradi\u00e7\u00e3o n\u00e3o colhe o novo<br>S\u00f3 reserva o impreciso<\/p>\n\n\n\n<p>Natureza faz riqueza<br>Tem no ouro o pr\u00f3prio brilho<br>O que \u00e9 visto e d\u00e1 retorno<br>Deixa a parte, limpa um trilho<br>E o que fica no abandono<br>Leva junto o andarilho<\/p>\n\n\n\n<p>Essa terra tinha dono<br>Outros donos se achegaram<br>Nesses novos improvisos<br>Desses povos e as chegadas<br>Europeus, desbravadores<br>Tais colonos e as enxadas<\/p>\n\n\n\n<p>Hoje bem me localizo<br>Sou de um tempo anotado<br>Temos mapas e registros<br>Tudo isso eu analiso<br>Desse quadro desbotado<br>Eu n\u00e3o fa\u00e7o mau ju\u00edzo<\/p>\n\n\n\n<p>Contaram-me muita hist\u00f3ria<br>E eu bem sei que pouco sei<br>Nesse sangue de europeu<br>Sangue \u00edndio tamb\u00e9m tem<br>Tamb\u00e9m vejo mais misturas<br>Nas leituras que conv\u00e9m<\/p>\n\n\n\n<p>Entre as \u00e1guas, Santa Rosa<br>Noutro lado o Buric\u00e1<br>Um s\u00f3 povo misturado<br>Uma lenda conjurada<br>Nessa luta empolvorada<br>Arranh\u00f5es de maric\u00e1<\/p>\n\n\n\n<p>Os tropeiros que passavam<br>Com seus fogos pra assar<br>Nos churrascos a empreitada<br>Flor de Maio na parada<br>Em Ca\u00fana uma picada<br>Pra Manchinha atravessar<\/p>\n\n\n\n<p>Numa volta a Consolata<br>Com a sombra do umbu<br>Tr\u00eas de Maio \u00e9 uma data<br>Grande marco curumim<br>Pronta chave de uma gl\u00f3ria<br>Que abrange o Quaraim<\/p>\n\n\n\n<p>Quatro cantos bem notados<br>Os vizinhos j\u00e1 conhecem<br>Pro Rio Grande; bem ga\u00fachos<br>Nossos feitos favorecem<br>Nessa hist\u00f3ria TR\u00caS-MAIENSE<br>Os gaud\u00e9rios se enaltecem<\/p>\n\n\n\n<p>Jorge da Luz<\/p>\n","protected":false},"excerpt":{"rendered":"<p>O sol brilha e, \u00e9 ardenteVento sopra nome forteTem minuano e ventania\u00cdndio presente no vento norteNa tal lenda do vento quenteGrande feitura de vida e morte Antes dos sinos a algaraviaJusto o espanto do guairac\u00e1Na chuva farta do inhacor\u00e1De gota em gota no cabedalSom do sil\u00eancio na noite friaSapos em festa no banhadal Na boa [&hellip;]<\/p>\n","protected":false},"author":2,"featured_media":0,"comment_status":"closed","ping_status":"open","sticky":false,"template":"","format":"standard","meta":{"footnotes":""},"categories":[5],"tags":[24,9],"class_list":["post-195","post","type-post","status-publish","format-standard","hentry","category-anais","tag-jorge-da-luz","tag-poesia"],"_links":{"self":[{"href":"https:\/\/alenrio.org.br\/encontro\/wp-json\/wp\/v2\/posts\/195","targetHints":{"allow":["GET"]}}],"collection":[{"href":"https:\/\/alenrio.org.br\/encontro\/wp-json\/wp\/v2\/posts"}],"about":[{"href":"https:\/\/alenrio.org.br\/encontro\/wp-json\/wp\/v2\/types\/post"}],"author":[{"embeddable":true,"href":"https:\/\/alenrio.org.br\/encontro\/wp-json\/wp\/v2\/users\/2"}],"replies":[{"embeddable":true,"href":"https:\/\/alenrio.org.br\/encontro\/wp-json\/wp\/v2\/comments?post=195"}],"version-history":[{"count":1,"href":"https:\/\/alenrio.org.br\/encontro\/wp-json\/wp\/v2\/posts\/195\/revisions"}],"predecessor-version":[{"id":196,"href":"https:\/\/alenrio.org.br\/encontro\/wp-json\/wp\/v2\/posts\/195\/revisions\/196"}],"wp:attachment":[{"href":"https:\/\/alenrio.org.br\/encontro\/wp-json\/wp\/v2\/media?parent=195"}],"wp:term":[{"taxonomy":"category","embeddable":true,"href":"https:\/\/alenrio.org.br\/encontro\/wp-json\/wp\/v2\/categories?post=195"},{"taxonomy":"post_tag","embeddable":true,"href":"https:\/\/alenrio.org.br\/encontro\/wp-json\/wp\/v2\/tags?post=195"}],"curies":[{"name":"wp","href":"https:\/\/api.w.org\/{rel}","templated":true}]}}