{"id":198,"date":"2024-12-01T22:10:26","date_gmt":"2024-12-02T01:10:26","guid":{"rendered":"https:\/\/alenrio.org.br\/encontro\/?p=198"},"modified":"2024-12-01T22:10:26","modified_gmt":"2024-12-02T01:10:26","slug":"livro-didatico-como-alicerce-de-ensino-nas-escolas-sera-o-fim-da-educacao-libertadora","status":"publish","type":"post","link":"https:\/\/alenrio.org.br\/encontro\/livro-didatico-como-alicerce-de-ensino-nas-escolas-sera-o-fim-da-educacao-libertadora\/","title":{"rendered":"Livro did\u00e1tico como alicerce de ensino nas escolas: ser\u00e1 o fim da educa\u00e7\u00e3o libertadora?"},"content":{"rendered":"\n<p>Nos \u00faltimos anos, a pol\u00edtica de aquisi\u00e7\u00e3o em massa de livros did\u00e1ticos tem gerado intensas discuss\u00f5es no meio escolar, destacando-se o impacto da transforma\u00e7\u00e3o da Educa\u00e7\u00e3o em um grande neg\u00f3cio e a consequente oligopoliza\u00e7\u00e3o do setor educacional. Esse processo mobiliza quantias significativas de dinheiro p\u00fablico e envolve interesses diversos, afetando diretamente a sociedade, que confia seus filhos ao sistema educacional.<\/p>\n\n\n\n<p>A problem\u00e1tica vai al\u00e9m dos crit\u00e9rios adotados para a escolha desses materiais. Muitas vezes, tais crit\u00e9rios n\u00e3o atendem \u00e0s reais necessidades dos professores da Educa\u00e7\u00e3o B\u00e1sica, ignorando as opini\u00f5es desses profissionais e gerando controv\u00e9rsias em torno da utiliza\u00e7\u00e3o dos livros did\u00e1ticos.<\/p>\n\n\n\n<p>Al\u00e9m disso, esses livros frequentemente se tornam o \u00fanico recurso utilizado em sala de aula. Esse fato reflete as condi\u00e7\u00f5es prec\u00e1rias de trabalho dos professores brasileiros, que, sem apoio, acabam desmotivados, sentindo-se exclu\u00eddos do processo educativo. Tal cen\u00e1rio contribui para transformar o professor em um repetidor de conte\u00fados que muitas vezes n\u00e3o dialogam com a realidade local, enfraquecendo o papel do educador como mediador do aprendizado.<\/p>\n\n\n\n<p>Essa abordagem tradicional \u00e9 criticada por Paulo Freire, que, nos anos 60, denunciou a \u201cEduca\u00e7\u00e3o Banc\u00e1ria\u201d, onde educandos s\u00e3o tratados como deposit\u00e1rios de metodologias prontas e descontextualizadas. Nesse modelo, os saberes e experi\u00eancias dos estudantes s\u00e3o desumanizados, comprometendo o potencial transformador da Educa\u00e7\u00e3o.<\/p>\n\n\n\n<p>Em contrapartida, a Educa\u00e7\u00e3o Libertadora, proposta por Freire, defende um modelo problematizador que valoriza a ess\u00eancia humana dos educandos. Esse paradigma promove a compreens\u00e3o cr\u00edtica da realidade e a pr\u00e1xis, permitindo aos educandos perceberem seu papel no mundo e questionarem as condi\u00e7\u00f5es em que vivem.<\/p>\n\n\n\n<p>A pr\u00e1tica de uma Educa\u00e7\u00e3o Libertadora exige empenho cont\u00ednuo dos professores na constru\u00e7\u00e3o did\u00e1tica, respeitando o contexto e as viv\u00eancias dos educandos. \u00c9 um esfor\u00e7o permanente de desvelamento da realidade, possibilitando que os estudantes se posicionem de forma cr\u00edtica e transformadora.<\/p>\n\n\n\n<p>Diante disso, surge a reflex\u00e3o: os pais que confiam a Educa\u00e7\u00e3o de seus filhos exclusivamente aos livros did\u00e1ticos querem saber o impacto desse modelo agora ou preferem esperar at\u00e9 que os resultados sejam irrevers\u00edveis? Fica o questionamento!<\/p>\n\n\n\n<p><em>Cassiano Telles<\/em><br>Doutor em Educa\u00e7\u00e3o pela Universidade Federal de Santa Maria<\/p>\n","protected":false},"excerpt":{"rendered":"<p>Nos \u00faltimos anos, a pol\u00edtica de aquisi\u00e7\u00e3o em massa de livros did\u00e1ticos tem gerado intensas discuss\u00f5es no meio escolar, destacando-se o impacto da transforma\u00e7\u00e3o da Educa\u00e7\u00e3o em um grande neg\u00f3cio e a consequente oligopoliza\u00e7\u00e3o do setor educacional. Esse processo mobiliza quantias significativas de dinheiro p\u00fablico e envolve interesses diversos, afetando diretamente a sociedade, que confia [&hellip;]<\/p>\n","protected":false},"author":2,"featured_media":0,"comment_status":"closed","ping_status":"open","sticky":false,"template":"","format":"standard","meta":{"footnotes":""},"categories":[5],"tags":[26,25],"class_list":["post-198","post","type-post","status-publish","format-standard","hentry","category-anais","tag-artigo","tag-cassiano-telles"],"_links":{"self":[{"href":"https:\/\/alenrio.org.br\/encontro\/wp-json\/wp\/v2\/posts\/198","targetHints":{"allow":["GET"]}}],"collection":[{"href":"https:\/\/alenrio.org.br\/encontro\/wp-json\/wp\/v2\/posts"}],"about":[{"href":"https:\/\/alenrio.org.br\/encontro\/wp-json\/wp\/v2\/types\/post"}],"author":[{"embeddable":true,"href":"https:\/\/alenrio.org.br\/encontro\/wp-json\/wp\/v2\/users\/2"}],"replies":[{"embeddable":true,"href":"https:\/\/alenrio.org.br\/encontro\/wp-json\/wp\/v2\/comments?post=198"}],"version-history":[{"count":1,"href":"https:\/\/alenrio.org.br\/encontro\/wp-json\/wp\/v2\/posts\/198\/revisions"}],"predecessor-version":[{"id":199,"href":"https:\/\/alenrio.org.br\/encontro\/wp-json\/wp\/v2\/posts\/198\/revisions\/199"}],"wp:attachment":[{"href":"https:\/\/alenrio.org.br\/encontro\/wp-json\/wp\/v2\/media?parent=198"}],"wp:term":[{"taxonomy":"category","embeddable":true,"href":"https:\/\/alenrio.org.br\/encontro\/wp-json\/wp\/v2\/categories?post=198"},{"taxonomy":"post_tag","embeddable":true,"href":"https:\/\/alenrio.org.br\/encontro\/wp-json\/wp\/v2\/tags?post=198"}],"curies":[{"name":"wp","href":"https:\/\/api.w.org\/{rel}","templated":true}]}}