{"id":219,"date":"2024-12-02T17:13:16","date_gmt":"2024-12-02T20:13:16","guid":{"rendered":"https:\/\/alenrio.org.br\/encontro\/?p=219"},"modified":"2024-12-02T17:13:16","modified_gmt":"2024-12-02T20:13:16","slug":"cemiterio-ortodoxo","status":"publish","type":"post","link":"https:\/\/alenrio.org.br\/encontro\/cemiterio-ortodoxo\/","title":{"rendered":"Cemit\u00e9rio Ortodoxo"},"content":{"rendered":"\n<p>Marco Hist\u00f3rico:<br>Hist\u00f3ria narrada em versos sobre a saga do resgate e da import\u00e2ncia do legado hist\u00f3rico do maior cemit\u00e9rio Ortodoxo do Brasil e Am\u00e9rica do Sul, que se transformou em um ponto tur\u00edstico. Aqui repousa e se encerra o ciclo da derradeira hist\u00f3ria dos bravos pioneiros e descendentes, como sentinelas do tempo, 110 anos ap\u00f3s o in\u00edcio da jornada e da obra desbravadora dos longos caminhos da esperan\u00e7a, s\u00e3o reverenciados, homenageados, um justo tributo resgatando o seu legado para a eterna mem\u00f3ria (vetchnaia pamiat), marcas que nem o tempo apagar\u00e1, reflex\u00e3o em versos inspirados num sonho de madrugada.<\/p>\n\n\n\n<p>I<br>Como sentinela do tempo<br>Perpetuando gera\u00e7\u00f5es,<br>Em Campina das Miss\u00f5es<br>No interior da Linha Paca,<br>Espa\u00e7o que se destaca<br>Fazendo parte da hist\u00f3ria.<br>\u00c9 a Svetaia R\u00fassia em mem\u00f3ria<br>Para nossos imigrantes<br>Que lutaram como gigantes<br>Para conquistarem a vit\u00f3ria.<br>II<br>O cemit\u00e9rio Ortodoxo<br>Que aos descendentes comove,<br>Pois foi em mil novecentos e nove<br>Quando tudo come\u00e7ou,<br>E o campo santo se transformou<br>Em descanso permanente,<br>Pois aqui est\u00e1 presente<br>Um enfileirado de cruzes,<br>E muitos clar\u00f5es de luzes<br>Que orgulham nossa gente.<br>III<br>Cruzes ortodoxas de 8 pontas<br>Est\u00e3o neste derradeiro abrigo,<br>Cercadas por soja e trigo<br>Nossas principais culturas,<br>E os irm\u00e3os nas sepulturas<br>Para o descanso derradeiro,<br>\u00c9 o ciclo da vida parceiro<br>Que devemos refletir<br>E a caminhada seguir<br>No comando do Escudeiro.<br>IV<br>Para n\u00e3o apagar a mem\u00f3ria<br>Tem a cruz de madeira,<br>Ela foi \u00e0 primeira<br>A ser colocada no recinto,<br>A outra \u00e9 de dois mil e cinco<br>Que ela foi erguida<br>Preservada e protegida,<br>Com cinco metros de altura,<br>Resistindo com bravura<br>Com m\u00e1rmore, guarnecida.<br>V<br>At\u00e9 um casal de Jo\u00e3o de barro<br>Fez nela sua morada,<br>Uma morada aben\u00e7oada,<br>Para formar fam\u00edlia<br>E como uma luz que brilha,<br>Ficou muito lindo o cen\u00e1rio<br>Parecendo um relic\u00e1rio,<br>No alto de uma coxilha.<br>VI<br>Cento e dez anos se passaram,<br>No calend\u00e1rio est\u00e1 marcado.<br>O primeiro marco cravado,<br>aqui no alto da coxilha<br>Tamb\u00e9m na Santa Cec\u00edlia<br>E na Linha Buriti.<br>Na Oito de Maio tamb\u00e9m vi.<br>S\u00e3o espa\u00e7os sagrados,<br>Onde est\u00e3o antepassados<br>Que viveram por aqui.<br>VII<br>Chegaram no s\u00e9culo passado<br>Para habitar esta quer\u00eancia.<br>Enfrentaram a resist\u00eancia,<br>Mas foram perseverantes,<br>Traziam em seus semblantes<br>Objetivos bem tra\u00e7ados.<br>Fatos que est\u00e3o registrados<br>At\u00e9 nos velhos jazigos,<br>Nos derradeiros abrigos<br>Onde jazem sepultados.<br>VIII<br>Uma cruz de puro cerne<br>Resiste o passar do tempo,<br>Cravada bem ao relento<br>Registra importante fato,<br>Mil novecentos e vinte e quatro<br>Simboliza a ascens\u00e3o aos c\u00e9us,<br>Onde cada um dos seus<br>Rezam com muito fervor,<br>Ao alt\u00edssimo Salvador<br>Nosso \u00fanico e amado Deus.<br>IX<br>Neste ano as tropas revolucion\u00e1rias<br>Rondavam toda a regi\u00e3o,<br>Era grande a persegui\u00e7\u00e3o<br>Ao esclarecimento, intelectual,<br>Coisa fora do normal<br>Mas que acontecia de fato<br>Pois cometeram o assassinato<br>Do Alexandre, exemplo de professor,<br>Causando, tristeza e dor<br>Conforme consta no relato.<br>X<br>\u00c9 o m\u00e1rtir dos imigrantes<br>Taxado de subversivo e comunista,<br>Defendia seu ponto de vista,<br>Por isso foi torturado<br>Sendo na Linha Palmeiras encontrado.<br>Por isso na pra\u00e7a S\u00e3o Vladimir<br>Decidiram um busto construir,<br>Para ele que andou nos trilhos<br>Deixando \u00f3rf\u00e3os, esposa e dois filhos,<br>Para os seus passos seguir.<br>XI<br>Como se n\u00e3o bastasse<br>Outro assassinato aconteceu,<br>Fato que entristeceu<br>A nossa grande regi\u00e3o,<br>Foi grande a como\u00e7\u00e3o<br>Naquele enlutado dia<br>Pois o padre e o coroinha,<br>Do Feij\u00e3o Mi\u00fado, Tr\u00eas Passos<br>Sempre estendiam os bra\u00e7os,<br>Para quem necessidade tinha.<br>XII<br>Com a ben\u00e7\u00e3o de Nosso Senhor<br>E do Ap\u00f3stolo S\u00e3o Jo\u00e3o Evangelista,<br>Jamais sairemos da pista<br>E a vida ter\u00e1 sentido,<br>Cada um, comprometido<br>Com a sua comunidade,<br>E assim em irmandade<br>Rezamos com f\u00e9 a panihida,<br>Que aben\u00e7oe cada vida<br>No interior e na cidade.<br>XIII<br>O Padre com o candilo e \u00e1gua benta<br>O sacerdote com a mirra e incenso,<br>Entre todos \u00e9 um consenso<br>A un\u00e7\u00e3o nas sepulturas,<br>Para que aquelas criaturas<br>Na sua eterna morada,<br>Est\u00e1 guardada a caminhada<br>Nesta passagem terrena,<br>De forma calma e serena<br>Para encerrar a jornada.<br>XIV<br>Este campo Santo Ortodoxo<br>Faz parte da hist\u00f3ria,<br>At\u00e9 um livro em mem\u00f3ria<br>Em noventa e oito foi lan\u00e7ado,<br>Nele est\u00e1 registrado<br>Os feitos da nossa gente,<br>Que no passado e no presente<br>Tem feito a diferen\u00e7a,<br>Gra\u00e7as a f\u00e9 e a cren\u00e7a<br>Que cada um traz na mente.<br>XV<br>Uma semana ap\u00f3s a Santa P\u00e1scoa<br>Radonitza: Dia de Finados \u00e9 comemorado,<br>Eterna mem\u00f3ria em ora\u00e7\u00e3o Pascal lembrado<br>Padre, ora\u00e7\u00f5es, velas, flores e seu mist\u00e9rio<br>Eterna mem\u00f3ria deste cemit\u00e9rio.<br>Obla\u00e7\u00e3o terminada, as crian\u00e7as enfileiradas<br>Recebem balas, ovos, doces das b\u00e1bas<br>Para lembrar o esp\u00edrito das pessoas amadas.<br>XVI<br>Hoje \u00e9 um ponto tur\u00edstico<br>E bastante visitado,<br>Muito tem nos orgulhado<br>Este sagrado lugar.<br>E para reverenciar<br>Um palco ali foi montado,<br>O Grupo Troyka tem se presentado,<br>Com muito encanto e beleza<br>Em frente a Cruz e a Igreja,<br>Neste local aben\u00e7oado.<br>XVII<br>J\u00e1 recebeu visitas importantes<br>Autoridades, Prefeito, C\u00f4nsul e Embaixador<br>Bispos, Metropolitas do exterior<br>Veio at\u00e9 o Reitor de Universidade afamada<br>Pelos acad\u00eamicos estudada<br>Nos bancos universit\u00e1rios<br>Para fazer os corol\u00e1rios<br>De pesquisa modernizada<br>Para ser inserida e bibliografada<br>XVIII<br>\u00c9 o ber\u00e7o da cultura russa<br>No Rio Grande e no Brasil.<br>Terra de um povo gentil<br>Trabalhador e hospitaleiro,<br>Que leva para o mundo inteiro<br>Sua cren\u00e7a e a cultura,<br>Gente de f\u00e9 e bravura<br>Que jamais desanimaram,<br>E a todos ensinaram<br>Algo que at\u00e9 hoje perdura.<br>XIX<br>Para reverenciar este cemit\u00e9rio<br>Veio at\u00e9 o jornal Zero Hora,<br>A imprensa l\u00e1 de fora.<br>De S\u00e3o Paulo, o Estado e o SBT.<br>Do Rio, a Globo e a nossa RBS-TV.<br>O Globo Rep\u00f3rter mostrou<br>A Globo News divulgou,<br>E foi destaque na revista Veja<br>Somos o bolo com cereja,<br>Que a cada um encantou.<br>XX<br>De forma especial reverenciamos<br>Nossa imprensa regional,<br>A Gazeta do Povo, nosso jornal local<br>Pelo apoio prestado,<br>Muito tem nos ajudado<br>Nessa divulga\u00e7\u00e3o,<br>Vamos juntos em ora\u00e7\u00e3o<br>Agradecer ao Pai Santo Salvador.<br>Que ele derrame seu louvor<br>Sobre a nossa na\u00e7\u00e3o.<br>XXI<br>Foram mostrados com detalhes<br>L\u00e1pides de anjos \u00edndios barrocos,<br>S\u00e3o in\u00e9ditos, s\u00e3o poucos<br>A exemplo das Ru\u00ednas Missioneiras,<br>Que lembram lutas guerreiras<br>Dos nossos antepassados,<br>Feitos que s\u00e3o lembrados<br>Pois marcaram uma trajet\u00f3ria<br>Que ficar\u00e1 para a hist\u00f3ria<br>Em nossos anais registrados.<\/p>\n\n\n\n<p>Autor: Jacinto Anat\u00f3lio Zabolotsky<br>Poema em homenagem aos 110 anos da imigra\u00e7\u00e3o Russa (1909 \/ 2019)<br>Com aprova\u00e7\u00e3o eclesi\u00e1stica.<br>Campina das Miss\u00f5es-RS, 06 de outubro do Ano do Senhor 2019<\/p>\n\n\n\n<p>Poema cuja placa foi descerrada em 06.10.2019 (a direita do portal), aben\u00e7oada por Sua Emin\u00eancia, Metropolita Dom In\u00e1cio, sendo que se comemora no dia 09.10 de cada ano, em homenagem a obra desbravadora. Na oportunidade foram celebrados os:<br>111 anos da Imigra\u00e7\u00e3o Russa (1909-2020);<br>Dia 09.10: Dia da Etnia Russa (Lei 13.156\/2008);<br>Dia 09.10: Dia do Patrono da Igreja Ortodoxa Ap\u00f3stolo S\u00e3o Jo\u00e3o Evangelista;<br>Dia 09.10: Dia do Munic\u00edpio de Campina das Miss\u00f5es (1963-2020) e \u201cBer\u00e7o Estadual da Cultura Russa\u201d Lei n\u00ba 15.649\/2021.<\/p>\n\n\n\n<p>Jacinto Anat\u00f3lio Zabolotski<\/p>\n","protected":false},"excerpt":{"rendered":"<p>Marco Hist\u00f3rico:Hist\u00f3ria narrada em versos sobre a saga do resgate e da import\u00e2ncia do legado hist\u00f3rico do maior cemit\u00e9rio Ortodoxo do Brasil e Am\u00e9rica do Sul, que se transformou em um ponto tur\u00edstico. Aqui repousa e se encerra o ciclo da derradeira hist\u00f3ria dos bravos pioneiros e descendentes, como sentinelas do tempo, 110 anos ap\u00f3s [&hellip;]<\/p>\n","protected":false},"author":2,"featured_media":0,"comment_status":"closed","ping_status":"open","sticky":false,"template":"","format":"standard","meta":{"footnotes":""},"categories":[5],"tags":[27,19],"class_list":["post-219","post","type-post","status-publish","format-standard","hentry","category-anais","tag-jacinto-anatolio-zabolotski","tag-poema"],"_links":{"self":[{"href":"https:\/\/alenrio.org.br\/encontro\/wp-json\/wp\/v2\/posts\/219","targetHints":{"allow":["GET"]}}],"collection":[{"href":"https:\/\/alenrio.org.br\/encontro\/wp-json\/wp\/v2\/posts"}],"about":[{"href":"https:\/\/alenrio.org.br\/encontro\/wp-json\/wp\/v2\/types\/post"}],"author":[{"embeddable":true,"href":"https:\/\/alenrio.org.br\/encontro\/wp-json\/wp\/v2\/users\/2"}],"replies":[{"embeddable":true,"href":"https:\/\/alenrio.org.br\/encontro\/wp-json\/wp\/v2\/comments?post=219"}],"version-history":[{"count":1,"href":"https:\/\/alenrio.org.br\/encontro\/wp-json\/wp\/v2\/posts\/219\/revisions"}],"predecessor-version":[{"id":220,"href":"https:\/\/alenrio.org.br\/encontro\/wp-json\/wp\/v2\/posts\/219\/revisions\/220"}],"wp:attachment":[{"href":"https:\/\/alenrio.org.br\/encontro\/wp-json\/wp\/v2\/media?parent=219"}],"wp:term":[{"taxonomy":"category","embeddable":true,"href":"https:\/\/alenrio.org.br\/encontro\/wp-json\/wp\/v2\/categories?post=219"},{"taxonomy":"post_tag","embeddable":true,"href":"https:\/\/alenrio.org.br\/encontro\/wp-json\/wp\/v2\/tags?post=219"}],"curies":[{"name":"wp","href":"https:\/\/api.w.org\/{rel}","templated":true}]}}