{"id":237,"date":"2024-12-10T19:39:35","date_gmt":"2024-12-10T22:39:35","guid":{"rendered":"https:\/\/alenrio.org.br\/encontro\/?p=237"},"modified":"2024-12-10T19:39:35","modified_gmt":"2024-12-10T22:39:35","slug":"loro-cravo","status":"publish","type":"post","link":"https:\/\/alenrio.org.br\/encontro\/loro-cravo\/","title":{"rendered":"Loro-cravo"},"content":{"rendered":"\n<p>Orp\u00eddio est\u00e1 a seis dias parado, olhando para o alto de uma \u00e1rvore. Tira o chap\u00e9u, co\u00e7a a cabe\u00e7a, mastiga o cigarro de palha e pigarreia. Aproxima-se do tronco, pega um canivete, retira um peda\u00e7o da casca e \u00e9 poss\u00edvel ver as veias rubras da planta. Faz uma men\u00e7\u00e3o de reza e volta ao gesto inicial. Dizem que est\u00e1 fora do ar e n\u00e3o diz coisa com coisa h\u00e1 anos. As crian\u00e7as atiram pedras sobre o seu port\u00e3o.<\/p>\n\n\n\n<pre class=\"wp-block-preformatted\">Trecho do conto <em>Loro-cravo<\/em>, parte integrante de obra hom\u00f4nima (no prelo), escrita por Renato Pereira.<\/pre>\n","protected":false},"excerpt":{"rendered":"<p>Orp\u00eddio est\u00e1 a seis dias parado, olhando para o alto de uma \u00e1rvore. Tira o chap\u00e9u, co\u00e7a a cabe\u00e7a, mastiga o cigarro de palha e pigarreia. Aproxima-se do tronco, pega um canivete, retira um peda\u00e7o da casca e \u00e9 poss\u00edvel ver as veias rubras da planta. Faz uma men\u00e7\u00e3o de reza e volta ao gesto [&hellip;]<\/p>\n","protected":false},"author":2,"featured_media":0,"comment_status":"closed","ping_status":"open","sticky":false,"template":"","format":"standard","meta":{"footnotes":""},"categories":[5],"tags":[11,30],"class_list":["post-237","post","type-post","status-publish","format-standard","hentry","category-anais","tag-conto","tag-renato-pereira"],"_links":{"self":[{"href":"https:\/\/alenrio.org.br\/encontro\/wp-json\/wp\/v2\/posts\/237","targetHints":{"allow":["GET"]}}],"collection":[{"href":"https:\/\/alenrio.org.br\/encontro\/wp-json\/wp\/v2\/posts"}],"about":[{"href":"https:\/\/alenrio.org.br\/encontro\/wp-json\/wp\/v2\/types\/post"}],"author":[{"embeddable":true,"href":"https:\/\/alenrio.org.br\/encontro\/wp-json\/wp\/v2\/users\/2"}],"replies":[{"embeddable":true,"href":"https:\/\/alenrio.org.br\/encontro\/wp-json\/wp\/v2\/comments?post=237"}],"version-history":[{"count":1,"href":"https:\/\/alenrio.org.br\/encontro\/wp-json\/wp\/v2\/posts\/237\/revisions"}],"predecessor-version":[{"id":238,"href":"https:\/\/alenrio.org.br\/encontro\/wp-json\/wp\/v2\/posts\/237\/revisions\/238"}],"wp:attachment":[{"href":"https:\/\/alenrio.org.br\/encontro\/wp-json\/wp\/v2\/media?parent=237"}],"wp:term":[{"taxonomy":"category","embeddable":true,"href":"https:\/\/alenrio.org.br\/encontro\/wp-json\/wp\/v2\/categories?post=237"},{"taxonomy":"post_tag","embeddable":true,"href":"https:\/\/alenrio.org.br\/encontro\/wp-json\/wp\/v2\/tags?post=237"}],"curies":[{"name":"wp","href":"https:\/\/api.w.org\/{rel}","templated":true}]}}