{"id":42,"date":"2024-11-28T15:29:01","date_gmt":"2024-11-28T18:29:01","guid":{"rendered":"https:\/\/alenrio.org.br\/encontro\/?p=42"},"modified":"2024-12-01T21:54:17","modified_gmt":"2024-12-02T00:54:17","slug":"genitico-roque-aloisio-weschenfelder","status":"publish","type":"post","link":"https:\/\/alenrio.org.br\/encontro\/genitico-roque-aloisio-weschenfelder\/","title":{"rendered":"Gen\u00edtico"},"content":{"rendered":"\n<p><br> <strong>GEN\u00cdTICO<\/strong><br><br> no primeiro dia<br> c\u00e9us e \u00e1guas<br> e nos dias subsequentes<\/p>\n\n\n\n<p>a g\u00eanese de tudo<br>\t\tem perfeita harmonia<br>\tat\u00e9 que no sexto dia<br>\t\tapenas de barro<br>\t\to boneco homem<br>\t\ta costel\u00e9tica mulher<br>\te segue o descanso<br><br>\t\tpecaminosa malediz\u00eancia<br>\t\tnatural terrena inclem\u00eancia <br>\t\tluta humana sobreviv\u00eancia  <br>\t\tsob uma divina displic\u00eancia <br><br>\tos dias viram anos s\u00e9culos mil\u00eanios <br>\tprofetas cristo beatos<br>\treis imperadores ditadores e democratas<br>\tperdidos burocratas<br>\tcaloteiros traficantes ignorantes sabich\u00f5es<br>\tcomediantes meliantes assaltantes<br>\ttodas as categorias de ladr\u00f5es<br>\t\t\t<br>\t\t\tsacerdotes pastores bispos<br>\t\t\tdeputados senadores ju\u00edzes<br>\t\t\tdevotas sogras meretrizes<br>\t\t\tesposas amantes<br>\t\t\tmaridos pagantes<br>\t\t\t\tcontas em para\u00edsos fiscais<br>\t\t\t\tdinheiro de impostos demais<br>\t\t\tdocumentos processos<br>\t\tmonumentos<br>\t\t\tpingos nos iiisss e nos jotas de agiotas<br>\t\t\tconversas discursos lorotas<br>\t\t\t\teleitores votantes<br>\t\tvendedores<br>\t\t\tcompradores de votos de almas de calmas<br>\t\t\t\te bum<br><br>\t\t\t\tbig bang<br>\t\t\t\thot dog<br>\t\t\t\t\thi fi<br>\t\t\t\thagad\u00ea<br>\t\t\t\tdeved\u00ea<br><br>\t\t\te bam<br>\t\t\t\tna bala servida<br>\t\t\t\tuma bala perdida<br>\t\t\t\t b\u00edblia lida<br>\t\t\t\tigreja desabada<br>\t\t\t\tpedof\u00edlica deflora\u00e7\u00e3o<br>\t\t\t\tempedrado cora\u00e7\u00e3o<br><br>\t\t\to s\u00e9timo dia demora demais<br>\t\t\taquecimento global descongela o ice<br>\t\te morrem os ursos as focas os pinguins o icebergs<br>\t\t\tenxurradas desmoronamentos avalanches<br>\t\t\tcrise nas bolsas hipotecas enxaquecas <br>\t\t\t\tdesemprego<br>\t\t<br>\t\t\tm\u00edtica m\u00eddia intern\u00e9tica virtualidade<br>\t\t\t\tde repente<br>\t\t\t\tum poeta<br>\t\t\t\tum verso<br>\t\t\t\tdiverso<br>\t\t\t\tdisperso<br>\t\t\t\tdesm\u00e9trico crivado<br><br>\t\t\t\tecl\u00e9tico<br>\t\t\t\thipot\u00e9tico<br>\t\t\t\tprof\u00e9tico<br><br>\t\t\t\tcriador criado<br>\t\t\t\tcremat\u00f3rio para gatos e c\u00e3es<br>\t\t\t\tcreches para beb\u00eas e m\u00e3es<br>\t\t\t\tprocura por poss\u00edveis pais<br>\t\t\t\tisso \u00e9 cria\u00e7\u00e3o demais<br><br>\t\t\tna teol\u00f3gica b\u00edblica enc\u00edclica vis\u00e3o<br>\t\t\t\tuma liter\u00e1tica p\u00fablica <br>opini\u00e3o<br>\t\tsem vers\u00edcula<br>escan\u00e7\u00e3o<br>\t\t\tmora em<br>fav\u00e9lica mans\u00e3o<br>\te bum<br>\t\te bam<br>\t\t\u00e9 bom<br>\t\t\tser do bem<br>\t\t\tn\u00e3o do<br>mal<br>\tos superpoderes dos des\u00eanhicos her\u00f3is<br>\t\tn\u00e3o vencem ironias<br>\t\tnem fr\u00e1geis davis<br>\t\t\tderrotam os<br>golias<br><br>\tmas as carnav\u00e1licas folias<br>\tduram quatro dias<br>\tpois no s\u00e9timo dia<br>\ta g\u00eanese j\u00e1 acabou<br>\to rel\u00f3gio j\u00e1 atrasou<br>\tcom o fim do hor\u00e1rio de ver\u00e3o<br>\te a mis\u00e9ria no sert\u00e3o<br><br>\ta cria\u00e7\u00e3o do sexto dia<br>\tainda cansa o criador<br><br>\t\troque aloisio weschenfelder<br><\/p>\n","protected":false},"excerpt":{"rendered":"<p>GEN\u00cdTICO no primeiro dia c\u00e9us e \u00e1guas e nos dias subsequentes a g\u00eanese de tudo em perfeita harmonia at\u00e9 que no sexto dia apenas de barro o boneco homem a costel\u00e9tica mulher e segue o descanso pecaminosa malediz\u00eancia natural terrena inclem\u00eancia luta humana sobreviv\u00eancia sob uma divina displic\u00eancia os dias viram anos s\u00e9culos mil\u00eanios profetas [&hellip;]<\/p>\n","protected":false},"author":2,"featured_media":0,"comment_status":"closed","ping_status":"open","sticky":false,"template":"","format":"standard","meta":{"footnotes":""},"categories":[5],"tags":[9,8],"class_list":["post-42","post","type-post","status-publish","format-standard","hentry","category-anais","tag-poesia","tag-roque-aloisio-weschenfelder"],"_links":{"self":[{"href":"https:\/\/alenrio.org.br\/encontro\/wp-json\/wp\/v2\/posts\/42","targetHints":{"allow":["GET"]}}],"collection":[{"href":"https:\/\/alenrio.org.br\/encontro\/wp-json\/wp\/v2\/posts"}],"about":[{"href":"https:\/\/alenrio.org.br\/encontro\/wp-json\/wp\/v2\/types\/post"}],"author":[{"embeddable":true,"href":"https:\/\/alenrio.org.br\/encontro\/wp-json\/wp\/v2\/users\/2"}],"replies":[{"embeddable":true,"href":"https:\/\/alenrio.org.br\/encontro\/wp-json\/wp\/v2\/comments?post=42"}],"version-history":[{"count":10,"href":"https:\/\/alenrio.org.br\/encontro\/wp-json\/wp\/v2\/posts\/42\/revisions"}],"predecessor-version":[{"id":181,"href":"https:\/\/alenrio.org.br\/encontro\/wp-json\/wp\/v2\/posts\/42\/revisions\/181"}],"wp:attachment":[{"href":"https:\/\/alenrio.org.br\/encontro\/wp-json\/wp\/v2\/media?parent=42"}],"wp:term":[{"taxonomy":"category","embeddable":true,"href":"https:\/\/alenrio.org.br\/encontro\/wp-json\/wp\/v2\/categories?post=42"},{"taxonomy":"post_tag","embeddable":true,"href":"https:\/\/alenrio.org.br\/encontro\/wp-json\/wp\/v2\/tags?post=42"}],"curies":[{"name":"wp","href":"https:\/\/api.w.org\/{rel}","templated":true}]}}