{"id":59,"date":"2024-11-28T17:14:27","date_gmt":"2024-11-28T20:14:27","guid":{"rendered":"https:\/\/alenrio.org.br\/encontro\/?p=59"},"modified":"2024-11-28T20:45:35","modified_gmt":"2024-11-28T23:45:35","slug":"o-sentido-da-vida-dalmiro-volnei-silva","status":"publish","type":"post","link":"https:\/\/alenrio.org.br\/encontro\/o-sentido-da-vida-dalmiro-volnei-silva\/","title":{"rendered":"O sentido da vida"},"content":{"rendered":"\n<p>A humanidade vive hoje um momento excepcional, extraordin\u00e1rio, estamos fazendo hoje o que h\u00e1 bem pouco tempo atr\u00e1s s\u00f3 era permitido a Deus. <\/p>\n\n\n\n<!--more-->\n\n\n\n<p>O advento da ci\u00eancia \u00e9 algo espantoso, pois se voltarmos a apenas 50 anos quem de n\u00f3s iria imaginar de que com um pequeno aparelho fal\u00e1ssemos e tiv\u00e9ssemos imagens em tempo real em qualquer lugar do nosso planeta, essa janelinha permitiu-nos fazer com que o mundo passasse por dentro dela. A capacidade humana em desenvolver as novas tecnologias, carimbou o sujeito p\u00f3s-moderno como o ser mais inteligente de todos os tempos de sua trajet\u00f3ria hist\u00f3rica.<\/p>\n\n\n\n<p>O advento dessa intelig\u00eancia cientifica e tecnol\u00f3gica abriu-nos os caminhos para que tiv\u00e9ssemos at\u00e9 mesmo uma sobrevida, pois aumentamos nosso tempo de vida biol\u00f3gico. Estamos presentes em todas as inst\u00e2ncias geracionais que envolvem a vida terrena, isto \u00e9, na tecnologia da comunica\u00e7\u00e3o, na medicina, nas ind\u00fastrias em todos os seus segmentos, seja ela aliment\u00edcia, automobil\u00edstica, nas edifica\u00e7\u00f5es de nossas casas e edif\u00edcios, na educa\u00e7\u00e3o, na economia, e agora vem a intelig\u00eancia artificial, enfim, o ser humano de hoje \u00e9, sem d\u00favidas o mais evolu\u00eddo que a esp\u00e9cie j\u00e1 desenvolveu.<\/p>\n\n\n\n<p>Mas ao mesmo tempo em que tudo isso acontece, estamos vivendo tamb\u00e9m uma das piores crises de nossa hist\u00f3ria, uma contradi\u00e7\u00e3o profunda est\u00e1 em curso nas barbas desse t\u00e3o espetacular desenvolvimento cientifico do mundo contempor\u00e2neo.<\/p>\n\n\n\n<p>Guerras, massacres, assassinatos, fome, intoler\u00e2ncia, racismo, exclus\u00e3o, destrui\u00e7\u00e3o de nossos recursos naturais n\u00e3o renov\u00e1veis, como nossas matas, fontes de \u00e1gua, nossos animais, o ar que respiramos, e que com essa pr\u00e1tica proporciona eventos clim\u00e1ticos de grandes destrui\u00e7\u00f5es, a gan\u00e2ncia pelo poder econ\u00f4mico \u00e9 um dos piv\u00f4s centrais desse grande equ\u00edvoco da humanidade.<\/p>\n\n\n\n<p>A pergunta que fica \u00e9: Valeu a pena tudo isso? Com toda essa tecnologia a nossa disposi\u00e7\u00e3o n\u00e3o era para n\u00f3s estarmos vivendo em um estado de paz, em um mundo mais justo e mais consciente sob todas as coisas? Ser\u00e1 mesmo que temos condi\u00e7\u00f5es de gerenciar o planeta?&nbsp; O soci\u00f3logo Boaventura de Sousa Santos nos disse que:<\/p>\n\n\n\n<p>\u201c<em>estamos caminhando para o fim de uma civiliza\u00e7\u00e3o\u201d.<\/em><\/p>\n\n\n\n<p><em>&nbsp;<\/em>Ser\u00e1 mesmo?<\/p>\n\n\n\n<p>Recuso-me a aceitar tal afirma\u00e7\u00e3o, mas ao mesmo tempo tamb\u00e9m estou perdendo a confian\u00e7a, o encantamento, a coragem, ao ver tanta desordem e tanta desgra\u00e7a que estamos produzindo.<\/p>\n\n\n\n<p>De nada adianta termos desenvolvido tamanha capacidade cient\u00edfica se estamos nos matando uns aos outros, e o que \u00e9 pior, matando tamb\u00e9m o \u00fanico lugar que nos possibilita a vida e a sequ\u00eancia de nossa trajet\u00f3ria hist\u00f3rica, o planeta em que vivemos.<\/p>\n\n\n\n<p>Certo dia, em um programa de televis\u00e3o com estudantes, perguntaram para o Dr. Eneas Carneiro, qual era o sentido da vida. Sua resposta ecoa at\u00e9 hoje em minha mente.<\/p>\n\n\n\n<p><em>\u201cO sentido da vida \u00e9 para mim, enquanto tiver um ser humano passando fome, enquanto tiver uma crian\u00e7a virando lata de lixo, a vida n\u00e3o tem sentido para mim. Quando eu n\u00e3o me sentir mais \u00fatil, quando eu pensar s\u00f3 em mim mesmo, eu n\u00e3o tenho mais o direito de viver\u201d.<\/em><\/p>\n\n\n\n<p>O sentido da vida para mim<a href=\"#_ftn1\" id=\"_ftnref1\">[1]<\/a> \u00e9, e \u00e9 essa a mensagem que quero deixar aqui, \u00e9 a de que ainda \u00e9 poss\u00edvel, desejo com todo meu cora\u00e7\u00e3o de que surja uma nova gera\u00e7\u00e3o que desmonte este estado de coisas que nos metemos, que preserve nosso planeta e que n\u00e3o deixe ningu\u00e9m mais passar fome, porque alimento existe, e que respeite seu semelhante, pois somos feitos da mesma mat\u00e9ria, respiramos o mesmo ar e que tudo o que for vida precisa deve estar em primeiro lugar. Ainda \u00e9 poss\u00edvel.<\/p>\n\n\n\n<p>Dalmiro Volnei Silva<\/p>\n\n\n\n<hr class=\"wp-block-separator has-alpha-channel-opacity\"\/>\n\n\n\n<p><a href=\"#_ftnref1\" id=\"_ftn1\">[1]<\/a> Dalmiro Volnei Silva. Soci\u00f3logo \u2013 Te\u00f3logo e historiador. Reside em Tr\u00eas Passos \u2013 RS<\/p>\n","protected":false},"excerpt":{"rendered":"<p>A humanidade vive hoje um momento excepcional, extraordin\u00e1rio, estamos fazendo hoje o que h\u00e1 bem pouco tempo atr\u00e1s s\u00f3 era permitido a Deus.<\/p>\n","protected":false},"author":2,"featured_media":0,"comment_status":"closed","ping_status":"open","sticky":false,"template":"","format":"standard","meta":{"footnotes":""},"categories":[5],"tags":[6,10],"class_list":["post-59","post","type-post","status-publish","format-standard","hentry","category-anais","tag-dalmiro-volnei-silva","tag-narrativa"],"_links":{"self":[{"href":"https:\/\/alenrio.org.br\/encontro\/wp-json\/wp\/v2\/posts\/59","targetHints":{"allow":["GET"]}}],"collection":[{"href":"https:\/\/alenrio.org.br\/encontro\/wp-json\/wp\/v2\/posts"}],"about":[{"href":"https:\/\/alenrio.org.br\/encontro\/wp-json\/wp\/v2\/types\/post"}],"author":[{"embeddable":true,"href":"https:\/\/alenrio.org.br\/encontro\/wp-json\/wp\/v2\/users\/2"}],"replies":[{"embeddable":true,"href":"https:\/\/alenrio.org.br\/encontro\/wp-json\/wp\/v2\/comments?post=59"}],"version-history":[{"count":4,"href":"https:\/\/alenrio.org.br\/encontro\/wp-json\/wp\/v2\/posts\/59\/revisions"}],"predecessor-version":[{"id":71,"href":"https:\/\/alenrio.org.br\/encontro\/wp-json\/wp\/v2\/posts\/59\/revisions\/71"}],"wp:attachment":[{"href":"https:\/\/alenrio.org.br\/encontro\/wp-json\/wp\/v2\/media?parent=59"}],"wp:term":[{"taxonomy":"category","embeddable":true,"href":"https:\/\/alenrio.org.br\/encontro\/wp-json\/wp\/v2\/categories?post=59"},{"taxonomy":"post_tag","embeddable":true,"href":"https:\/\/alenrio.org.br\/encontro\/wp-json\/wp\/v2\/tags?post=59"}],"curies":[{"name":"wp","href":"https:\/\/api.w.org\/{rel}","templated":true}]}}