{"id":73,"date":"2024-11-28T17:27:32","date_gmt":"2024-11-28T20:27:32","guid":{"rendered":"https:\/\/alenrio.org.br\/encontro\/?p=73"},"modified":"2024-11-28T20:45:07","modified_gmt":"2024-11-28T23:45:07","slug":"o-menino-e-o-beija-flor","status":"publish","type":"post","link":"https:\/\/alenrio.org.br\/encontro\/o-menino-e-o-beija-flor\/","title":{"rendered":"O menino e o beija-flor"},"content":{"rendered":"\n<p>Como em tantos domingos \u00e0 tarde nos \u00faltimos anos, est\u00e1vamos as crian\u00e7as e eu na escola, ocupando os espa\u00e7os para atividades esportivas e lazer. No longo corredor ouv\u00edamos um farfalhar aflito de pequenas asas. No in\u00edcio n\u00e3o prestei a devida aten\u00e7\u00e3o, at\u00e9 que alguns meninos tamb\u00e9m ouviram e correram me contar, era um pequeno beija flor que desesperado se batia nas janelas de vidro tentando sair. O pobre passarinho j\u00e1 estava exausto, sem for\u00e7as para continuar e lentamente foi caindo at\u00e9 chegar ao ch\u00e3o. Falei para os meninos que juntassem o bichinho. Fiquei observando um tanto apreensiva enquanto um deles o apanhava delicadamente em suas pequenas m\u00e3os. Trouxe-o e cuidadosamente largou-o em minhas m\u00e3os e pediu com olhos suplicantes para que eu o salvasse. Era um beija flor com lindas e pequeninas penas verdes brilhantes e biquinho vermelho. Senti o cora\u00e7\u00e3ozinho acelerado e ele ent\u00e3o piou em p\u00e2nico pedindo socorro. Sem saber bem o que fazer, levei-o at\u00e9 uma torneira, sempre acompanhada dos meninos e pinguei uma gotinha de \u00e1gua em sua cabe\u00e7a, escorreu pelo bico e ele bebeu a gotinha com vontade.<\/p>\n\n\n\n<p>Segurei-o ainda um pouco e era vis\u00edvel que ele estava se reanimando no aconchego de minhas m\u00e3os em concha. O menino n\u00e3o saia de perto, acompanhando tudo, vi o brilho nos seus olhos de crian\u00e7a j\u00e1 t\u00e3o sofrida, marcada pela viol\u00eancia e abandono e pensei que seria uma boa oportunidade para mostrar a ele que era capaz de coisas boas e belos gestos. Ent\u00e3o disse que ele levava jeito para cuidar de passarinhos e que quem salvava um beija flor teria muita sorte na vida. Ent\u00e3o os outros falaram que tamb\u00e9m ajudaram no salvamento, o que concordei e disse que tamb\u00e9m teriam sorte. Ent\u00e3o nos dirigimos a o p\u00e1tio arborizado da escola para soltar o pequeno p\u00e1ssaro que j\u00e1 se mostrava refeito. O menino salvador falava que era para solt\u00e1-lo em uma linda flor vermelha que ele ia gostar muito, pois sempre via beija flores por ali. Ent\u00e3o nos encaminhamos at\u00e9 o p\u00e9 de flor e devagarinho fui abrindo as m\u00e3os e o beija flor se aprumou um momento, parou mais um pouquinho e finalmente abriu suas lindas asas e voou brilhante no sol da tarde. Os meninos aplaudiram felizes e seus olhos brilhavam, mais que os raios de sol.<\/p>\n\n\n\n<p>Joana Marli Langner<\/p>\n","protected":false},"excerpt":{"rendered":"<p>Como em tantos domingos \u00e0 tarde nos \u00faltimos anos, est\u00e1vamos as crian\u00e7as e eu na escola, ocupando os espa\u00e7os para atividades esportivas e lazer. No longo corredor ouv\u00edamos um farfalhar aflito de pequenas asas. No in\u00edcio n\u00e3o prestei a devida aten\u00e7\u00e3o, at\u00e9 que alguns meninos tamb\u00e9m ouviram e correram me contar, era um pequeno beija [&hellip;]<\/p>\n","protected":false},"author":2,"featured_media":0,"comment_status":"closed","ping_status":"open","sticky":false,"template":"","format":"standard","meta":{"footnotes":""},"categories":[5],"tags":[11,7],"class_list":["post-73","post","type-post","status-publish","format-standard","hentry","category-anais","tag-conto","tag-joana-marli-langner"],"_links":{"self":[{"href":"https:\/\/alenrio.org.br\/encontro\/wp-json\/wp\/v2\/posts\/73","targetHints":{"allow":["GET"]}}],"collection":[{"href":"https:\/\/alenrio.org.br\/encontro\/wp-json\/wp\/v2\/posts"}],"about":[{"href":"https:\/\/alenrio.org.br\/encontro\/wp-json\/wp\/v2\/types\/post"}],"author":[{"embeddable":true,"href":"https:\/\/alenrio.org.br\/encontro\/wp-json\/wp\/v2\/users\/2"}],"replies":[{"embeddable":true,"href":"https:\/\/alenrio.org.br\/encontro\/wp-json\/wp\/v2\/comments?post=73"}],"version-history":[{"count":1,"href":"https:\/\/alenrio.org.br\/encontro\/wp-json\/wp\/v2\/posts\/73\/revisions"}],"predecessor-version":[{"id":74,"href":"https:\/\/alenrio.org.br\/encontro\/wp-json\/wp\/v2\/posts\/73\/revisions\/74"}],"wp:attachment":[{"href":"https:\/\/alenrio.org.br\/encontro\/wp-json\/wp\/v2\/media?parent=73"}],"wp:term":[{"taxonomy":"category","embeddable":true,"href":"https:\/\/alenrio.org.br\/encontro\/wp-json\/wp\/v2\/categories?post=73"},{"taxonomy":"post_tag","embeddable":true,"href":"https:\/\/alenrio.org.br\/encontro\/wp-json\/wp\/v2\/tags?post=73"}],"curies":[{"name":"wp","href":"https:\/\/api.w.org\/{rel}","templated":true}]}}