{"id":97,"date":"2024-11-28T20:47:41","date_gmt":"2024-11-28T23:47:41","guid":{"rendered":"https:\/\/alenrio.org.br\/encontro\/?p=97"},"modified":"2024-11-30T08:23:25","modified_gmt":"2024-11-30T11:23:25","slug":"a-cura-dor-de-dente-e-a-preservacao-da-vida-e-do-patrimonio","status":"publish","type":"post","link":"https:\/\/alenrio.org.br\/encontro\/a-cura-dor-de-dente-e-a-preservacao-da-vida-e-do-patrimonio\/","title":{"rendered":"A cura da dor de dente e a preserva\u00e7\u00e3o da vida e do patrim\u00f4nio"},"content":{"rendered":"\n<p><strong>Era o ano de 1923.<\/strong> Santo Augusto se chamava Boca da Picada. Na \u00e9poca no Rio Grande do Sul ocorria uma revolu\u00e7\u00e3o entre os partid\u00e1rios do Governador Borges de Medeiros e seu opositor Assis Brasil, a denominada Revolu\u00e7\u00e3o de 23.<\/p>\n\n\n\n<!--more-->\n\n\n\n<p>Boca da Picada, mais tarde Santo Augusto, era um pequeno lugarejo com pouco mais de 10 casas, estas se localizavam na beira de uma picada que ligava a regi\u00e3o de Iju\u00ed ao sert\u00e3o do Alto Uruguai.<\/p>\n\n\n\n<p>Entre os moradores da sede do povoado se encontrava a fam\u00edlia de Ildefonso e Diva Teixeira Lucas, vindos com outros colonizadores de Pelotas e Candiota. O casal era devoto de S\u00e3o Jo\u00e3o Batista e tinha em sua casa uma imagem de seu santo predileto. Ildefonso de Diva eram pequenos comerciantes localizados onde hoje existe o pr\u00e9dio do Supermercado Santi no entroncamento da Avenida do Com\u00e9rcio com a Rua Maur\u00edcio Cardoso.<\/p>\n\n\n\n<p>A revolu\u00e7\u00e3o chega a Boca da Picada comandada por partid\u00e1rios de Borges de Medeiros, que de acordo com os m\u00e9todos guerreiros da \u00e9poca, saqueavam, prendiam e abusavam de seus inimigos. Dirigiram-se ao com\u00e9rcio de seu Afonsinho para praticar as pr\u00e1ticas usuais. Tamb\u00e9m, como de costume, os homens, nestas situa\u00e7\u00f5es, fugiam e levavam consigo bens de valor e, tudo o que pudessem carregar em carro\u00e7as, animais e outros bens. Ficavam em casa as mulheres e crian\u00e7as para defender o patrim\u00f4nio que fosse poss\u00edvel.<\/p>\n\n\n\n<p>Chegaram \u00e0 casa comercial de Ildefonso e Diva, logo na entrada encontraram uma est\u00e1tua de S\u00e3o Jo\u00e3o Batista colocada em uma mesa e decorada como local sagrado. Vendo a imagem, o chefe do grupo, chamado Turibi\u00e3o, manteve uma postura de certo respeito e, pediu ao Santo que ajudasse, um parceiro seu a melhorar de uma terr\u00edvel dor de dente. A dona da casa, que j\u00e1 tinha procurado tratar o chefe muito bem, ouvindo o caso, medicou o soldado com um comprimido de melhoral que fez efeito rapidamente, fato que agradou ao chefe e este lhe passou a dever certo respeito e toda a vez que passava pela imagem lhe rendia homenagens de agradecimentos. Assim perdurou a perman\u00eancia do grupo na regi\u00e3o, por cerca de 15 dias, que de vez em quando passava na loja de Diva, como foram bem tratados e houve a cura do soldado, n\u00e3o causaram les\u00e3o a ningu\u00e9m e nem ao patrim\u00f4nio de seu Afonsinho e de dona Diva.<\/p>\n\n\n\n<p>Partindo a caravana, dona Diva avisou seu Afonso para retornar a casa e rezar pela sorte do ocorrida. No oco da imagem estava guardada a economia da fam\u00edlia e, sob a mesa estava localizada a porta do por\u00e3o que dava acesso ao dep\u00f3sito dos produtos da loja. Gra\u00e7as \u00e0 devo\u00e7\u00e3o a S\u00e3o Jo\u00e3o Batista e a \u201ccura\u201d da dor de dente do comparsa de Turibi\u00e3o o casal e o seu patrim\u00f4nio foram preservados. Fizeram uma promessa de doar a imagem \u00e0 primeira capela que fosse constru\u00edda na vila. Em 1926, foi inaugurada a capelinha, e a imagem do Santo foi doado e, coroada como o padroeiro da igreja cat\u00f3lica de S\u00e3o Jo\u00e3o Batista do povoado<\/p>\n\n\n\n<p>Esta imagem, esteve exposta no alto da torre da Igreja Matriz, localizada na Travessa Menino Deus, na pra\u00e7a da cidade e, era utilizada na prociss\u00e3o da novena do padroeiro. Por volta de 2006, nova imagem foi doada por um pagador de promessa e a imagem voltou para o ceio de familiares de Ildefonso e Diva.<\/p>\n\n\n\n<ul class=\"wp-block-list\">\n<li>Pesquisa feita junto a familiares e pessoas da comunidade que testemunharam o fato, quando da indica\u00e7\u00e3o de Diva para patronesse da 17\u00aa cadeira da ALENRIO<br>Texto narrativo elaborado pelo Acad\u00eamico Eugenio Frizzo-titular da 17\u00aa Cadeira<\/li>\n<\/ul>\n","protected":false},"excerpt":{"rendered":"<p>Era o ano de 1923. Santo Augusto se chamava Boca da Picada. Na \u00e9poca no Rio Grande do Sul ocorria uma revolu\u00e7\u00e3o entre os partid\u00e1rios do Governador Borges de Medeiros e seu opositor Assis Brasil, a denominada Revolu\u00e7\u00e3o de 23.<\/p>\n","protected":false},"author":2,"featured_media":0,"comment_status":"closed","ping_status":"open","sticky":false,"template":"","format":"standard","meta":{"footnotes":""},"categories":[5],"tags":[12,10],"class_list":["post-97","post","type-post","status-publish","format-standard","hentry","category-anais","tag-eugenio-frizzo","tag-narrativa"],"_links":{"self":[{"href":"https:\/\/alenrio.org.br\/encontro\/wp-json\/wp\/v2\/posts\/97","targetHints":{"allow":["GET"]}}],"collection":[{"href":"https:\/\/alenrio.org.br\/encontro\/wp-json\/wp\/v2\/posts"}],"about":[{"href":"https:\/\/alenrio.org.br\/encontro\/wp-json\/wp\/v2\/types\/post"}],"author":[{"embeddable":true,"href":"https:\/\/alenrio.org.br\/encontro\/wp-json\/wp\/v2\/users\/2"}],"replies":[{"embeddable":true,"href":"https:\/\/alenrio.org.br\/encontro\/wp-json\/wp\/v2\/comments?post=97"}],"version-history":[{"count":5,"href":"https:\/\/alenrio.org.br\/encontro\/wp-json\/wp\/v2\/posts\/97\/revisions"}],"predecessor-version":[{"id":155,"href":"https:\/\/alenrio.org.br\/encontro\/wp-json\/wp\/v2\/posts\/97\/revisions\/155"}],"wp:attachment":[{"href":"https:\/\/alenrio.org.br\/encontro\/wp-json\/wp\/v2\/media?parent=97"}],"wp:term":[{"taxonomy":"category","embeddable":true,"href":"https:\/\/alenrio.org.br\/encontro\/wp-json\/wp\/v2\/categories?post=97"},{"taxonomy":"post_tag","embeddable":true,"href":"https:\/\/alenrio.org.br\/encontro\/wp-json\/wp\/v2\/tags?post=97"}],"curies":[{"name":"wp","href":"https:\/\/api.w.org\/{rel}","templated":true}]}}