{"id":108,"date":"2021-10-11T20:13:00","date_gmt":"2021-10-11T23:13:00","guid":{"rendered":"https:\/\/alenrio.org.br\/site\/?p=108"},"modified":"2024-09-20T10:47:34","modified_gmt":"2024-09-20T13:47:34","slug":"edital-para-preenchimento-de-vaga-de-membro-efetivo-cadeira-no-2","status":"publish","type":"post","link":"https:\/\/alenrio.org.br\/site\/edital-para-preenchimento-de-vaga-de-membro-efetivo-cadeira-no-2\/","title":{"rendered":"Edital para preenchimento de vaga de Membro Efetivo &#8211; Cadeira n\u00ba 2"},"content":{"rendered":"<p>Inscri\u00e7\u00f5es poder\u00e3o ser realizadas at\u00e9 o dia 15 de novembro de 2021. <strong>[ENCERRADO]<\/strong><!--more--><\/p>\n<p><span style=\"font-weight: 400;\">A Presidente da Academia de Letras do Noroeste do Rio Grande do Sul, no uso de suas atribui\u00e7\u00f5es, ap\u00f3s delibera\u00e7\u00e3o em reuni\u00e3o no dia 21 de agosto de 2021, declara aberto o per\u00edodo de apresenta\u00e7\u00e3o de candidaturas para o preenchimento da Cadeira n\u00ba 2, que tem como patrono Professor Martin Grajewski. <\/span><\/p>\n<p>Mais informa\u00e7\u00f5es:\u00a0\u2709 <a href=\"mailto:alenrio20@gmail.com\"><span style=\"font-weight: 400;\">alenrio20@gmail.com<\/span><\/a><\/p>\n\n\n<div class=\"wp-block-buttons is-layout-flex wp-block-buttons-is-layout-flex\">\n<div class=\"wp-block-button is-style-outline is-style-outline--1\"><a class=\"wp-block-button__link wp-element-button\">Edital 001\/2021<\/a><\/div>\n\n\n\n<div class=\"wp-block-button is-style-outline is-style-outline--2\"><a class=\"wp-block-button__link wp-element-button\">Homologa\u00e7\u00e3o das inscri\u00e7\u00f5es<img  title=\"\" decoding=\"async\" class=\"wp-image-1696\" style=\"width: NaNpx;\" src=\"https:\/\/editorapanaro.com.br\/alenrio\/wp-content\/uploads\/2021\/10\/HOMOLOGACAO-DAS-INSCRICOES-1-2.pdf\"  alt=\"HOMOLOGACAO-DAS-INSCRICOES-1-2 Edital para preenchimento de vaga de Membro Efetivo - Cadeira n\u00ba 2\" ><\/a><\/div>\n\n\n\n<div class=\"wp-block-button is-style-outline is-style-outline--3\"><a class=\"wp-block-button__link wp-element-button\">RESULTADO FINAL<\/a><\/div>\n<\/div>\n","protected":false},"excerpt":{"rendered":"<p>Inscri\u00e7\u00f5es poder\u00e3o ser realizadas at\u00e9 o dia 15 de novembro de 2021. [ENCERRADO]<\/p>\n","protected":false},"author":1,"featured_media":478,"comment_status":"closed","ping_status":"open","sticky":false,"template":"","format":"standard","meta":{"_eb_attr":"","footnotes":""},"categories":[7],"tags":[],"class_list":["post-108","post","type-post","status-publish","format-standard","has-post-thumbnail","hentry","category-editais"],"_links":{"self":[{"href":"https:\/\/alenrio.org.br\/site\/wp-json\/wp\/v2\/posts\/108","targetHints":{"allow":["GET"]}}],"collection":[{"href":"https:\/\/alenrio.org.br\/site\/wp-json\/wp\/v2\/posts"}],"about":[{"href":"https:\/\/alenrio.org.br\/site\/wp-json\/wp\/v2\/types\/post"}],"author":[{"embeddable":true,"href":"https:\/\/alenrio.org.br\/site\/wp-json\/wp\/v2\/users\/1"}],"replies":[{"embeddable":true,"href":"https:\/\/alenrio.org.br\/site\/wp-json\/wp\/v2\/comments?post=108"}],"version-history":[{"count":4,"href":"https:\/\/alenrio.org.br\/site\/wp-json\/wp\/v2\/posts\/108\/revisions"}],"predecessor-version":[{"id":121,"href":"https:\/\/alenrio.org.br\/site\/wp-json\/wp\/v2\/posts\/108\/revisions\/121"}],"wp:featuredmedia":[{"embeddable":true,"href":"https:\/\/alenrio.org.br\/site\/wp-json\/wp\/v2\/media\/478"}],"wp:attachment":[{"href":"https:\/\/alenrio.org.br\/site\/wp-json\/wp\/v2\/media?parent=108"}],"wp:term":[{"taxonomy":"category","embeddable":true,"href":"https:\/\/alenrio.org.br\/site\/wp-json\/wp\/v2\/categories?post=108"},{"taxonomy":"post_tag","embeddable":true,"href":"https:\/\/alenrio.org.br\/site\/wp-json\/wp\/v2\/tags?post=108"}],"curies":[{"name":"wp","href":"https:\/\/api.w.org\/{rel}","templated":true}]}}