{"id":1097,"date":"2024-12-10T20:48:06","date_gmt":"2024-12-10T23:48:06","guid":{"rendered":"https:\/\/alenrio.org.br\/site\/?p=1097"},"modified":"2024-12-12T15:39:42","modified_gmt":"2024-12-12T18:39:42","slug":"encontro-anual-da-alenrio-celebra-escritores-e-producoes-literarias-do-noroeste-gaucho","status":"publish","type":"post","link":"https:\/\/alenrio.org.br\/site\/encontro-anual-da-alenrio-celebra-escritores-e-producoes-literarias-do-noroeste-gaucho\/","title":{"rendered":"Encontro Anual da Alenrio celebra escritores e produ\u00e7\u00f5es liter\u00e1rias do noroeste ga\u00facho"},"content":{"rendered":"\n<p><em>A programa\u00e7\u00e3o do IV Literario &#8211; Encontro Anual da Alenrio que ocorreu no s\u00e1bado (7), em Novo Machado, contou com a posse da nova diretoria e a realiza\u00e7\u00e3o do primeiro sarau liter\u00e1rio<\/em><\/p>\n\n\n\n<!--more-->\n\n\n\n<p>Na noite do \u00faltimo s\u00e1bado (7), a Academia de Letras do Noroeste do Rio Grande do Sul (Alenrio), reuniu seus membros titulares no munic\u00edpio de Novo Machado para o seu IV Literario &#8211; Encontro Anual da Alenrio. O evento, que celebrou o encerramento das atividades de 2024, teve como tema \u201cA literatura como express\u00e3o do noroeste\u201d e destacou a produ\u00e7\u00e3o liter\u00e1ria da regi\u00e3o.<\/p>\n\n\n\n<p>O IV Literario tamb\u00e9m marcou a posse da nova diretoria da Alenrio, composta de acad\u00eamicos de diversos munic\u00edpios do noroeste, o que fortalece sua atua\u00e7\u00e3o como parlamento liter\u00e1rio. O encontro destacou as conex\u00f5es entre as narrativas locais e a hist\u00f3ria do noroeste ga\u00facho, promovendo um di\u00e1logo entre gera\u00e7\u00f5es de escritores e refor\u00e7ando a integra\u00e7\u00e3o cultural da regi\u00e3o.<\/p>\n\n\n\n<p>A programa\u00e7\u00e3o especial incluiu o primeiro Sarau de Literatura e Arte, onde os acad\u00eamicos apresentaram textos autorais contemplando a diversidade de g\u00eaneros liter\u00e1rios. Durante a noite festiva, tamb\u00e9m foi celebrado o anivers\u00e1rio de funda\u00e7\u00e3o da Alenrio, que ocorreu em 5 de dezembro, refor\u00e7ando a miss\u00e3o da entidade de fomentar a literatura.<\/p>\n\n\n\n<p>\u201cForam apresentados 18 trabalhos no formato de m\u00fasica, poesia, conto, cr\u00f4nica, biografia, narrativa e artigo. A riqueza da produ\u00e7\u00e3o liter\u00e1ria e o comprometimento dos participantes reafirmam nosso prop\u00f3sito de fortalecer a literatura como um dos pilares da cultura regional\u201d, destacou Renato Pereira, presidente da Alenrio.<\/p>\n\n\n\n<p>Tanize Tomasi, vice-presidente da Alenrio, destaca que \u201ceventos como este demonstram que, juntos, podemos projetar a nossa cultura para al\u00e9m das fronteiras e inspirar novas gera\u00e7\u00f5es&#8221;.<\/p>\n\n\n\n<p>No encontro, estiveram representados nove munic\u00edpios do noroeste. Tucunduva, Novo Machado, Horizontina, Tr\u00eas de Maio, Santa Rosa, Campina das Miss\u00f5es, Santo \u00c2ngelo, Tr\u00eas Passos e Santo Augusto possuem membros ativos na entidade.&nbsp; O pr\u00f3ximo encontro anual, em 2025, ocorrer\u00e1 em Campina das Miss\u00f5es.<\/p>\n\n\n\n<p><strong>O evento<\/strong><\/p>\n\n\n\n<p>Desde sua funda\u00e7\u00e3o em 2020, a Alenrio organiza, anualmente, um encontro em dezembro para homenagear os escritores e celebrar a cultura regional. Os primeiros encontros ocorreram em Tucunduva, cidade que sedia a Alenrio e abriga o Acervo da Biblioteca Professor Daniel Scheid, dedicado \u00e0 preserva\u00e7\u00e3o da literatura regional. Este ano, o evento foi realizado em Novo Machado, refor\u00e7ando o car\u00e1ter itinerante da entidade.<\/p>\n\n\n\n<p>A Alenrio reafirma-se como um espa\u00e7o essencial de interc\u00e2mbio liter\u00e1rio e cultural, contribuindo para o fortalecimento da identidade regional e projetando a literatura do noroeste do Rio Grande do Sul para al\u00e9m fronteiras.<\/p>\n\n\n\n<p>A programa\u00e7\u00e3o completa <strong>IV Literario<\/strong> e os trabalhos apresentados est\u00e3o dispon\u00edveis no site do evento, no endere\u00e7o&nbsp;<a href=\"https:\/\/alenrio.org.br\/encontro\/\">https:\/\/alenrio.org.br\/encontro\/<\/a><\/p>\n\n\n\n<p><\/p>\n\n\n\n<p><strong>Galeria de fotos<\/strong><\/p>\n\n\n\n<div class=\"wp-block-envira-envira-gallery\"><div id=\"envira-gallery-wrap-1128\" class=\"envira-gallery-wrap envira-gallery-theme-base envira-lightbox-theme-base\" itemscope itemtype=\"https:\/\/schema.org\/ImageGallery\"><div data-row-height=\"150\" data-gallery-theme=\"normal\" id=\"envira-gallery-1128\" class=\"envira-gallery-public envira-gallery-justified-public envira-gallery-0-columns envira-clear enviratope envira-gallery-css-animations\" data-envira-columns=\"0\"><div id=\"envira-gallery-item-1126\" class=\"envira-gallery-item enviratope-item envira-gallery-item-1 envira-lazy-load\" style=\"padding-left: 1px; padding-bottom: 1px; padding-right: 1px;\"  itemscope itemtype=\"https:\/\/schema.org\/ImageObject\"><div class=\"envira-gallery-item-inner\"><div class=\"envira-gallery-position-overlay  envira-gallery-top-left\"><\/div><div class=\"envira-gallery-position-overlay  envira-gallery-top-right\"><\/div><div class=\"envira-gallery-position-overlay  envira-gallery-bottom-left\"><\/div><div class=\"envira-gallery-position-overlay  envira-gallery-bottom-right\"><\/div><a href=\"https:\/\/alenrio.org.br\/site\/wp-content\/uploads\/2024\/12\/IMG_9296-Medio.jpg\" class=\"envira-gallery-1128 envira-gallery-link\" rel=\"enviragallery1128\" title=\"IMG_9296 (M&eacute;dio)\" data-envira-caption=\"IMG_9296 (M&eacute;dio)\" data-envira-retina=\"\" data-thumbnail=\"\"  itemprop=\"contentUrl\"><img decoding=\"async\" id=\"envira-gallery-image-1126\" class=\"envira-gallery-image envira-gallery-image-1 envira-normal envira-lazy\" data-envira-index=\"1\" src=\"https:\/\/alenrio.org.br\/site\/wp-content\/uploads\/2024\/12\/IMG_9296-Medio-1024x683-640x480.jpg\" data-envira-src=\"https:\/\/alenrio.org.br\/site\/wp-content\/uploads\/2024\/12\/IMG_9296-Medio-1024x683-640x480.jpg\" data-envira-gallery-id=\"1128\" data-envira-item-id=\"1126\" data-envira-caption=\"IMG_9296 (M&eacute;dio)\"  alt=\"yH5BAEKAAEALAAAAAABAAEAAAICTAEAOw== Encontro Anual da Alenrio celebra escritores e produ\u00e7\u00f5es liter\u00e1rias do noroeste ga\u00facho\"   title=\"\"   itemprop=\"thumbnailUrl\" data-envira-srcset=\"https:\/\/alenrio.org.br\/site\/wp-content\/uploads\/2024\/12\/IMG_9296-Medio-1024x683-640x480.jpg 400w,https:\/\/alenrio.org.br\/site\/wp-content\/uploads\/2024\/12\/IMG_9296-Medio-1024x683-640x480.jpg 2x\" data-envira-width=\"300\" data-envira-height=\"200\" srcset=\"data:image\/gif;base64,R0lGODlhAQABAIAAAP\/\/\/\/\/\/\/yH5BAEKAAEALAAAAAABAAEAAAICTAEAOw==\" data-safe-src=\"data:image\/gif;base64,R0lGODlhAQABAIAAAP\/\/\/\/\/\/\/yH5BAEKAAEALAAAAAABAAEAAAICTAEAOw==\" \/><\/a><\/div><\/div><div id=\"envira-gallery-item-1122\" class=\"envira-gallery-item enviratope-item envira-gallery-item-2 envira-lazy-load\" style=\"padding-left: 1px; padding-bottom: 1px; padding-right: 1px;\"  itemscope itemtype=\"https:\/\/schema.org\/ImageObject\"><div class=\"envira-gallery-item-inner\"><div class=\"envira-gallery-position-overlay  envira-gallery-top-left\"><\/div><div class=\"envira-gallery-position-overlay  envira-gallery-top-right\"><\/div><div class=\"envira-gallery-position-overlay  envira-gallery-bottom-left\"><\/div><div class=\"envira-gallery-position-overlay  envira-gallery-bottom-right\"><\/div><a href=\"https:\/\/alenrio.org.br\/site\/wp-content\/uploads\/2024\/12\/IMG_9286-Medio.jpg\" class=\"envira-gallery-1128 envira-gallery-link\" rel=\"enviragallery1128\" title=\"IMG_9286 (M&eacute;dio)\" data-envira-caption=\"IMG_9286 (M&eacute;dio)\" data-envira-retina=\"\" data-thumbnail=\"\"  itemprop=\"contentUrl\"><img decoding=\"async\" id=\"envira-gallery-image-1122\" class=\"envira-gallery-image envira-gallery-image-2 envira-normal envira-lazy\" data-envira-index=\"2\" src=\"https:\/\/alenrio.org.br\/site\/wp-content\/uploads\/2024\/12\/IMG_9286-Medio-1024x683-640x480.jpg\" data-envira-src=\"https:\/\/alenrio.org.br\/site\/wp-content\/uploads\/2024\/12\/IMG_9286-Medio-1024x683-640x480.jpg\" data-envira-gallery-id=\"1128\" data-envira-item-id=\"1122\" data-envira-caption=\"IMG_9286 (M&eacute;dio)\"  alt=\"yH5BAEKAAEALAAAAAABAAEAAAICTAEAOw== Encontro Anual da Alenrio celebra escritores e produ\u00e7\u00f5es liter\u00e1rias do noroeste ga\u00facho\"   title=\"\"   itemprop=\"thumbnailUrl\" data-envira-srcset=\"https:\/\/alenrio.org.br\/site\/wp-content\/uploads\/2024\/12\/IMG_9286-Medio-1024x683-640x480.jpg 400w,https:\/\/alenrio.org.br\/site\/wp-content\/uploads\/2024\/12\/IMG_9286-Medio-1024x683-640x480.jpg 2x\" data-envira-width=\"300\" data-envira-height=\"200\" srcset=\"data:image\/gif;base64,R0lGODlhAQABAIAAAP\/\/\/\/\/\/\/yH5BAEKAAEALAAAAAABAAEAAAICTAEAOw==\" data-safe-src=\"data:image\/gif;base64,R0lGODlhAQABAIAAAP\/\/\/\/\/\/\/yH5BAEKAAEALAAAAAABAAEAAAICTAEAOw==\" \/><\/a><\/div><\/div><div id=\"envira-gallery-item-1121\" class=\"envira-gallery-item enviratope-item envira-gallery-item-3 envira-lazy-load\" style=\"padding-left: 1px; padding-bottom: 1px; padding-right: 1px;\"  itemscope itemtype=\"https:\/\/schema.org\/ImageObject\"><div class=\"envira-gallery-item-inner\"><div class=\"envira-gallery-position-overlay  envira-gallery-top-left\"><\/div><div class=\"envira-gallery-position-overlay  envira-gallery-top-right\"><\/div><div class=\"envira-gallery-position-overlay  envira-gallery-bottom-left\"><\/div><div class=\"envira-gallery-position-overlay  envira-gallery-bottom-right\"><\/div><a href=\"https:\/\/alenrio.org.br\/site\/wp-content\/uploads\/2024\/12\/IMG_9280-Medio.jpg\" class=\"envira-gallery-1128 envira-gallery-link\" rel=\"enviragallery1128\" title=\"IMG_9280 (M&eacute;dio)\" data-envira-caption=\"IMG_9280 (M&eacute;dio)\" data-envira-retina=\"\" data-thumbnail=\"\"  itemprop=\"contentUrl\"><img decoding=\"async\" id=\"envira-gallery-image-1121\" class=\"envira-gallery-image envira-gallery-image-3 envira-normal envira-lazy\" data-envira-index=\"3\" src=\"https:\/\/alenrio.org.br\/site\/wp-content\/uploads\/2024\/12\/IMG_9280-Medio-1024x683-640x480.jpg\" data-envira-src=\"https:\/\/alenrio.org.br\/site\/wp-content\/uploads\/2024\/12\/IMG_9280-Medio-1024x683-640x480.jpg\" data-envira-gallery-id=\"1128\" data-envira-item-id=\"1121\" data-envira-caption=\"IMG_9280 (M&eacute;dio)\"  alt=\"yH5BAEKAAEALAAAAAABAAEAAAICTAEAOw== Encontro Anual da Alenrio celebra escritores e produ\u00e7\u00f5es liter\u00e1rias do noroeste ga\u00facho\"   title=\"\"   itemprop=\"thumbnailUrl\" data-envira-srcset=\"https:\/\/alenrio.org.br\/site\/wp-content\/uploads\/2024\/12\/IMG_9280-Medio-1024x683-640x480.jpg 400w,https:\/\/alenrio.org.br\/site\/wp-content\/uploads\/2024\/12\/IMG_9280-Medio-1024x683-640x480.jpg 2x\" data-envira-width=\"300\" data-envira-height=\"200\" srcset=\"data:image\/gif;base64,R0lGODlhAQABAIAAAP\/\/\/\/\/\/\/yH5BAEKAAEALAAAAAABAAEAAAICTAEAOw==\" data-safe-src=\"data:image\/gif;base64,R0lGODlhAQABAIAAAP\/\/\/\/\/\/\/yH5BAEKAAEALAAAAAABAAEAAAICTAEAOw==\" \/><\/a><\/div><\/div><div id=\"envira-gallery-item-1120\" class=\"envira-gallery-item enviratope-item envira-gallery-item-4 envira-lazy-load\" style=\"padding-left: 1px; padding-bottom: 1px; padding-right: 1px;\"  itemscope itemtype=\"https:\/\/schema.org\/ImageObject\"><div class=\"envira-gallery-item-inner\"><div class=\"envira-gallery-position-overlay  envira-gallery-top-left\"><\/div><div class=\"envira-gallery-position-overlay  envira-gallery-top-right\"><\/div><div class=\"envira-gallery-position-overlay  envira-gallery-bottom-left\"><\/div><div class=\"envira-gallery-position-overlay  envira-gallery-bottom-right\"><\/div><a href=\"https:\/\/alenrio.org.br\/site\/wp-content\/uploads\/2024\/12\/IMG_9450-Medio.jpg\" class=\"envira-gallery-1128 envira-gallery-link\" rel=\"enviragallery1128\" title=\"IMG_9450 (M&eacute;dio)\" data-envira-caption=\"IMG_9450 (M&eacute;dio)\" data-envira-retina=\"\" data-thumbnail=\"\"  itemprop=\"contentUrl\"><img decoding=\"async\" id=\"envira-gallery-image-1120\" class=\"envira-gallery-image envira-gallery-image-4 envira-normal envira-lazy\" data-envira-index=\"4\" src=\"https:\/\/alenrio.org.br\/site\/wp-content\/uploads\/2024\/12\/IMG_9450-Medio-1024x683-640x480.jpg\" data-envira-src=\"https:\/\/alenrio.org.br\/site\/wp-content\/uploads\/2024\/12\/IMG_9450-Medio-1024x683-640x480.jpg\" data-envira-gallery-id=\"1128\" data-envira-item-id=\"1120\" data-envira-caption=\"IMG_9450 (M&eacute;dio)\"  alt=\"yH5BAEKAAEALAAAAAABAAEAAAICTAEAOw== Encontro Anual da Alenrio celebra escritores e produ\u00e7\u00f5es liter\u00e1rias do noroeste ga\u00facho\"   title=\"\"   itemprop=\"thumbnailUrl\" data-envira-srcset=\"https:\/\/alenrio.org.br\/site\/wp-content\/uploads\/2024\/12\/IMG_9450-Medio-1024x683-640x480.jpg 400w,https:\/\/alenrio.org.br\/site\/wp-content\/uploads\/2024\/12\/IMG_9450-Medio-1024x683-640x480.jpg 2x\" data-envira-width=\"300\" data-envira-height=\"200\" srcset=\"data:image\/gif;base64,R0lGODlhAQABAIAAAP\/\/\/\/\/\/\/yH5BAEKAAEALAAAAAABAAEAAAICTAEAOw==\" data-safe-src=\"data:image\/gif;base64,R0lGODlhAQABAIAAAP\/\/\/\/\/\/\/yH5BAEKAAEALAAAAAABAAEAAAICTAEAOw==\" \/><\/a><\/div><\/div><div id=\"envira-gallery-item-1119\" class=\"envira-gallery-item enviratope-item envira-gallery-item-5 envira-lazy-load\" style=\"padding-left: 1px; padding-bottom: 1px; padding-right: 1px;\"  itemscope itemtype=\"https:\/\/schema.org\/ImageObject\"><div class=\"envira-gallery-item-inner\"><div class=\"envira-gallery-position-overlay  envira-gallery-top-left\"><\/div><div class=\"envira-gallery-position-overlay  envira-gallery-top-right\"><\/div><div class=\"envira-gallery-position-overlay  envira-gallery-bottom-left\"><\/div><div class=\"envira-gallery-position-overlay  envira-gallery-bottom-right\"><\/div><a href=\"https:\/\/alenrio.org.br\/site\/wp-content\/uploads\/2024\/12\/IMG_9448-Medio.jpg\" class=\"envira-gallery-1128 envira-gallery-link\" rel=\"enviragallery1128\" title=\"IMG_9448 (M&eacute;dio)\" data-envira-caption=\"IMG_9448 (M&eacute;dio)\" data-envira-retina=\"\" data-thumbnail=\"\"  itemprop=\"contentUrl\"><img decoding=\"async\" id=\"envira-gallery-image-1119\" class=\"envira-gallery-image envira-gallery-image-5 envira-normal envira-lazy\" data-envira-index=\"5\" src=\"https:\/\/alenrio.org.br\/site\/wp-content\/uploads\/2024\/12\/IMG_9448-Medio-1024x683-640x480.jpg\" data-envira-src=\"https:\/\/alenrio.org.br\/site\/wp-content\/uploads\/2024\/12\/IMG_9448-Medio-1024x683-640x480.jpg\" data-envira-gallery-id=\"1128\" data-envira-item-id=\"1119\" data-envira-caption=\"IMG_9448 (M&eacute;dio)\"  alt=\"yH5BAEKAAEALAAAAAABAAEAAAICTAEAOw== Encontro Anual da Alenrio celebra escritores e produ\u00e7\u00f5es liter\u00e1rias do noroeste ga\u00facho\"   title=\"\"   itemprop=\"thumbnailUrl\" data-envira-srcset=\"https:\/\/alenrio.org.br\/site\/wp-content\/uploads\/2024\/12\/IMG_9448-Medio-1024x683-640x480.jpg 400w,https:\/\/alenrio.org.br\/site\/wp-content\/uploads\/2024\/12\/IMG_9448-Medio-1024x683-640x480.jpg 2x\" data-envira-width=\"300\" data-envira-height=\"200\" srcset=\"data:image\/gif;base64,R0lGODlhAQABAIAAAP\/\/\/\/\/\/\/yH5BAEKAAEALAAAAAABAAEAAAICTAEAOw==\" data-safe-src=\"data:image\/gif;base64,R0lGODlhAQABAIAAAP\/\/\/\/\/\/\/yH5BAEKAAEALAAAAAABAAEAAAICTAEAOw==\" \/><\/a><\/div><\/div><div id=\"envira-gallery-item-1118\" class=\"envira-gallery-item enviratope-item envira-gallery-item-6 envira-lazy-load\" style=\"padding-left: 1px; padding-bottom: 1px; padding-right: 1px;\"  itemscope itemtype=\"https:\/\/schema.org\/ImageObject\"><div class=\"envira-gallery-item-inner\"><div class=\"envira-gallery-position-overlay  envira-gallery-top-left\"><\/div><div class=\"envira-gallery-position-overlay  envira-gallery-top-right\"><\/div><div class=\"envira-gallery-position-overlay  envira-gallery-bottom-left\"><\/div><div class=\"envira-gallery-position-overlay  envira-gallery-bottom-right\"><\/div><a href=\"https:\/\/alenrio.org.br\/site\/wp-content\/uploads\/2024\/12\/IMG_9444-Medio.jpg\" class=\"envira-gallery-1128 envira-gallery-link\" rel=\"enviragallery1128\" title=\"IMG_9444 (M&eacute;dio)\" data-envira-caption=\"IMG_9444 (M&eacute;dio)\" data-envira-retina=\"\" data-thumbnail=\"\"  itemprop=\"contentUrl\"><img decoding=\"async\" id=\"envira-gallery-image-1118\" class=\"envira-gallery-image envira-gallery-image-6 envira-normal envira-lazy\" data-envira-index=\"6\" src=\"https:\/\/alenrio.org.br\/site\/wp-content\/uploads\/2024\/12\/IMG_9444-Medio-1024x683-640x480.jpg\" data-envira-src=\"https:\/\/alenrio.org.br\/site\/wp-content\/uploads\/2024\/12\/IMG_9444-Medio-1024x683-640x480.jpg\" data-envira-gallery-id=\"1128\" data-envira-item-id=\"1118\" data-envira-caption=\"IMG_9444 (M&eacute;dio)\"  alt=\"yH5BAEKAAEALAAAAAABAAEAAAICTAEAOw== Encontro Anual da Alenrio celebra escritores e produ\u00e7\u00f5es liter\u00e1rias do noroeste ga\u00facho\"   title=\"\"   itemprop=\"thumbnailUrl\" data-envira-srcset=\"https:\/\/alenrio.org.br\/site\/wp-content\/uploads\/2024\/12\/IMG_9444-Medio-1024x683-640x480.jpg 400w,https:\/\/alenrio.org.br\/site\/wp-content\/uploads\/2024\/12\/IMG_9444-Medio-1024x683-640x480.jpg 2x\" data-envira-width=\"300\" data-envira-height=\"200\" srcset=\"data:image\/gif;base64,R0lGODlhAQABAIAAAP\/\/\/\/\/\/\/yH5BAEKAAEALAAAAAABAAEAAAICTAEAOw==\" data-safe-src=\"data:image\/gif;base64,R0lGODlhAQABAIAAAP\/\/\/\/\/\/\/yH5BAEKAAEALAAAAAABAAEAAAICTAEAOw==\" \/><\/a><\/div><\/div><div id=\"envira-gallery-item-1117\" class=\"envira-gallery-item enviratope-item envira-gallery-item-7 envira-lazy-load\" style=\"padding-left: 1px; padding-bottom: 1px; padding-right: 1px;\"  itemscope itemtype=\"https:\/\/schema.org\/ImageObject\"><div class=\"envira-gallery-item-inner\"><div class=\"envira-gallery-position-overlay  envira-gallery-top-left\"><\/div><div class=\"envira-gallery-position-overlay  envira-gallery-top-right\"><\/div><div class=\"envira-gallery-position-overlay  envira-gallery-bottom-left\"><\/div><div class=\"envira-gallery-position-overlay  envira-gallery-bottom-right\"><\/div><a href=\"https:\/\/alenrio.org.br\/site\/wp-content\/uploads\/2024\/12\/IMG_9440-Medio.jpg\" class=\"envira-gallery-1128 envira-gallery-link\" rel=\"enviragallery1128\" title=\"IMG_9440 (M&eacute;dio)\" data-envira-caption=\"IMG_9440 (M&eacute;dio)\" data-envira-retina=\"\" data-thumbnail=\"\"  itemprop=\"contentUrl\"><img decoding=\"async\" id=\"envira-gallery-image-1117\" class=\"envira-gallery-image envira-gallery-image-7 envira-normal envira-lazy\" data-envira-index=\"7\" src=\"https:\/\/alenrio.org.br\/site\/wp-content\/uploads\/2024\/12\/IMG_9440-Medio-1024x683-640x480.jpg\" data-envira-src=\"https:\/\/alenrio.org.br\/site\/wp-content\/uploads\/2024\/12\/IMG_9440-Medio-1024x683-640x480.jpg\" data-envira-gallery-id=\"1128\" data-envira-item-id=\"1117\" data-envira-caption=\"IMG_9440 (M&eacute;dio)\"  alt=\"yH5BAEKAAEALAAAAAABAAEAAAICTAEAOw== Encontro Anual da Alenrio celebra escritores e produ\u00e7\u00f5es liter\u00e1rias do noroeste ga\u00facho\"   title=\"\"   itemprop=\"thumbnailUrl\" data-envira-srcset=\"https:\/\/alenrio.org.br\/site\/wp-content\/uploads\/2024\/12\/IMG_9440-Medio-1024x683-640x480.jpg 400w,https:\/\/alenrio.org.br\/site\/wp-content\/uploads\/2024\/12\/IMG_9440-Medio-1024x683-640x480.jpg 2x\" data-envira-width=\"300\" data-envira-height=\"200\" srcset=\"data:image\/gif;base64,R0lGODlhAQABAIAAAP\/\/\/\/\/\/\/yH5BAEKAAEALAAAAAABAAEAAAICTAEAOw==\" data-safe-src=\"data:image\/gif;base64,R0lGODlhAQABAIAAAP\/\/\/\/\/\/\/yH5BAEKAAEALAAAAAABAAEAAAICTAEAOw==\" \/><\/a><\/div><\/div><div id=\"envira-gallery-item-1116\" class=\"envira-gallery-item enviratope-item envira-gallery-item-8 envira-lazy-load\" style=\"padding-left: 1px; padding-bottom: 1px; padding-right: 1px;\"  itemscope itemtype=\"https:\/\/schema.org\/ImageObject\"><div class=\"envira-gallery-item-inner\"><div class=\"envira-gallery-position-overlay  envira-gallery-top-left\"><\/div><div class=\"envira-gallery-position-overlay  envira-gallery-top-right\"><\/div><div class=\"envira-gallery-position-overlay  envira-gallery-bottom-left\"><\/div><div class=\"envira-gallery-position-overlay  envira-gallery-bottom-right\"><\/div><a href=\"https:\/\/alenrio.org.br\/site\/wp-content\/uploads\/2024\/12\/IMG_9437-Medio.jpg\" class=\"envira-gallery-1128 envira-gallery-link\" rel=\"enviragallery1128\" title=\"IMG_9437 (M&eacute;dio)\" data-envira-caption=\"IMG_9437 (M&eacute;dio)\" data-envira-retina=\"\" data-thumbnail=\"\"  itemprop=\"contentUrl\"><img decoding=\"async\" id=\"envira-gallery-image-1116\" class=\"envira-gallery-image envira-gallery-image-8 envira-normal envira-lazy\" data-envira-index=\"8\" src=\"https:\/\/alenrio.org.br\/site\/wp-content\/uploads\/2024\/12\/IMG_9437-Medio-1024x683-640x480.jpg\" data-envira-src=\"https:\/\/alenrio.org.br\/site\/wp-content\/uploads\/2024\/12\/IMG_9437-Medio-1024x683-640x480.jpg\" data-envira-gallery-id=\"1128\" data-envira-item-id=\"1116\" data-envira-caption=\"IMG_9437 (M&eacute;dio)\"  alt=\"yH5BAEKAAEALAAAAAABAAEAAAICTAEAOw== Encontro Anual da Alenrio celebra escritores e produ\u00e7\u00f5es liter\u00e1rias do noroeste ga\u00facho\"   title=\"\"   itemprop=\"thumbnailUrl\" data-envira-srcset=\"https:\/\/alenrio.org.br\/site\/wp-content\/uploads\/2024\/12\/IMG_9437-Medio-1024x683-640x480.jpg 400w,https:\/\/alenrio.org.br\/site\/wp-content\/uploads\/2024\/12\/IMG_9437-Medio-1024x683-640x480.jpg 2x\" data-envira-width=\"300\" data-envira-height=\"200\" srcset=\"data:image\/gif;base64,R0lGODlhAQABAIAAAP\/\/\/\/\/\/\/yH5BAEKAAEALAAAAAABAAEAAAICTAEAOw==\" data-safe-src=\"data:image\/gif;base64,R0lGODlhAQABAIAAAP\/\/\/\/\/\/\/yH5BAEKAAEALAAAAAABAAEAAAICTAEAOw==\" \/><\/a><\/div><\/div><div id=\"envira-gallery-item-1115\" class=\"envira-gallery-item enviratope-item envira-gallery-item-9 envira-lazy-load\" style=\"padding-left: 1px; padding-bottom: 1px; padding-right: 1px;\"  itemscope itemtype=\"https:\/\/schema.org\/ImageObject\"><div class=\"envira-gallery-item-inner\"><div class=\"envira-gallery-position-overlay  envira-gallery-top-left\"><\/div><div class=\"envira-gallery-position-overlay  envira-gallery-top-right\"><\/div><div class=\"envira-gallery-position-overlay  envira-gallery-bottom-left\"><\/div><div class=\"envira-gallery-position-overlay  envira-gallery-bottom-right\"><\/div><a href=\"https:\/\/alenrio.org.br\/site\/wp-content\/uploads\/2024\/12\/IMG_9433-Medio.jpg\" class=\"envira-gallery-1128 envira-gallery-link\" rel=\"enviragallery1128\" title=\"IMG_9433 (M&eacute;dio)\" data-envira-caption=\"IMG_9433 (M&eacute;dio)\" data-envira-retina=\"\" data-thumbnail=\"\"  itemprop=\"contentUrl\"><img decoding=\"async\" id=\"envira-gallery-image-1115\" class=\"envira-gallery-image envira-gallery-image-9 envira-normal envira-lazy\" data-envira-index=\"9\" src=\"https:\/\/alenrio.org.br\/site\/wp-content\/uploads\/2024\/12\/IMG_9433-Medio-1024x683-640x480.jpg\" data-envira-src=\"https:\/\/alenrio.org.br\/site\/wp-content\/uploads\/2024\/12\/IMG_9433-Medio-1024x683-640x480.jpg\" data-envira-gallery-id=\"1128\" data-envira-item-id=\"1115\" data-envira-caption=\"IMG_9433 (M&eacute;dio)\"  alt=\"yH5BAEKAAEALAAAAAABAAEAAAICTAEAOw== Encontro Anual da Alenrio celebra escritores e produ\u00e7\u00f5es liter\u00e1rias do noroeste ga\u00facho\"   title=\"\"   itemprop=\"thumbnailUrl\" data-envira-srcset=\"https:\/\/alenrio.org.br\/site\/wp-content\/uploads\/2024\/12\/IMG_9433-Medio-1024x683-640x480.jpg 400w,https:\/\/alenrio.org.br\/site\/wp-content\/uploads\/2024\/12\/IMG_9433-Medio-1024x683-640x480.jpg 2x\" data-envira-width=\"300\" data-envira-height=\"200\" srcset=\"data:image\/gif;base64,R0lGODlhAQABAIAAAP\/\/\/\/\/\/\/yH5BAEKAAEALAAAAAABAAEAAAICTAEAOw==\" data-safe-src=\"data:image\/gif;base64,R0lGODlhAQABAIAAAP\/\/\/\/\/\/\/yH5BAEKAAEALAAAAAABAAEAAAICTAEAOw==\" \/><\/a><\/div><\/div><div id=\"envira-gallery-item-1114\" class=\"envira-gallery-item enviratope-item envira-gallery-item-10 envira-lazy-load\" style=\"padding-left: 1px; padding-bottom: 1px; padding-right: 1px;\"  itemscope itemtype=\"https:\/\/schema.org\/ImageObject\"><div class=\"envira-gallery-item-inner\"><div class=\"envira-gallery-position-overlay  envira-gallery-top-left\"><\/div><div class=\"envira-gallery-position-overlay  envira-gallery-top-right\"><\/div><div class=\"envira-gallery-position-overlay  envira-gallery-bottom-left\"><\/div><div class=\"envira-gallery-position-overlay  envira-gallery-bottom-right\"><\/div><a href=\"https:\/\/alenrio.org.br\/site\/wp-content\/uploads\/2024\/12\/IMG_9432-Medio.jpg\" class=\"envira-gallery-1128 envira-gallery-link\" rel=\"enviragallery1128\" title=\"IMG_9432 (M&eacute;dio)\" data-envira-caption=\"IMG_9432 (M&eacute;dio)\" data-envira-retina=\"\" data-thumbnail=\"\"  itemprop=\"contentUrl\"><img decoding=\"async\" id=\"envira-gallery-image-1114\" class=\"envira-gallery-image envira-gallery-image-10 envira-normal envira-lazy\" data-envira-index=\"10\" src=\"https:\/\/alenrio.org.br\/site\/wp-content\/uploads\/2024\/12\/IMG_9432-Medio-1024x683-640x480.jpg\" data-envira-src=\"https:\/\/alenrio.org.br\/site\/wp-content\/uploads\/2024\/12\/IMG_9432-Medio-1024x683-640x480.jpg\" data-envira-gallery-id=\"1128\" data-envira-item-id=\"1114\" data-envira-caption=\"IMG_9432 (M&eacute;dio)\"  alt=\"yH5BAEKAAEALAAAAAABAAEAAAICTAEAOw== Encontro Anual da Alenrio celebra escritores e produ\u00e7\u00f5es liter\u00e1rias do noroeste ga\u00facho\"   title=\"\"   itemprop=\"thumbnailUrl\" data-envira-srcset=\"https:\/\/alenrio.org.br\/site\/wp-content\/uploads\/2024\/12\/IMG_9432-Medio-1024x683-640x480.jpg 400w,https:\/\/alenrio.org.br\/site\/wp-content\/uploads\/2024\/12\/IMG_9432-Medio-1024x683-640x480.jpg 2x\" data-envira-width=\"300\" data-envira-height=\"200\" srcset=\"data:image\/gif;base64,R0lGODlhAQABAIAAAP\/\/\/\/\/\/\/yH5BAEKAAEALAAAAAABAAEAAAICTAEAOw==\" data-safe-src=\"data:image\/gif;base64,R0lGODlhAQABAIAAAP\/\/\/\/\/\/\/yH5BAEKAAEALAAAAAABAAEAAAICTAEAOw==\" \/><\/a><\/div><\/div><div id=\"envira-gallery-item-1113\" class=\"envira-gallery-item enviratope-item envira-gallery-item-11 envira-lazy-load\" style=\"padding-left: 1px; padding-bottom: 1px; padding-right: 1px;\"  itemscope itemtype=\"https:\/\/schema.org\/ImageObject\"><div class=\"envira-gallery-item-inner\"><div class=\"envira-gallery-position-overlay  envira-gallery-top-left\"><\/div><div class=\"envira-gallery-position-overlay  envira-gallery-top-right\"><\/div><div class=\"envira-gallery-position-overlay  envira-gallery-bottom-left\"><\/div><div class=\"envira-gallery-position-overlay  envira-gallery-bottom-right\"><\/div><a href=\"https:\/\/alenrio.org.br\/site\/wp-content\/uploads\/2024\/12\/IMG_9430-Medio.jpg\" class=\"envira-gallery-1128 envira-gallery-link\" rel=\"enviragallery1128\" title=\"IMG_9430 (M&eacute;dio)\" data-envira-caption=\"IMG_9430 (M&eacute;dio)\" data-envira-retina=\"\" data-thumbnail=\"\"  itemprop=\"contentUrl\"><img decoding=\"async\" id=\"envira-gallery-image-1113\" class=\"envira-gallery-image envira-gallery-image-11 envira-normal envira-lazy\" data-envira-index=\"11\" src=\"https:\/\/alenrio.org.br\/site\/wp-content\/uploads\/2024\/12\/IMG_9430-Medio-1024x683-640x480.jpg\" data-envira-src=\"https:\/\/alenrio.org.br\/site\/wp-content\/uploads\/2024\/12\/IMG_9430-Medio-1024x683-640x480.jpg\" data-envira-gallery-id=\"1128\" data-envira-item-id=\"1113\" data-envira-caption=\"IMG_9430 (M&eacute;dio)\"  alt=\"yH5BAEKAAEALAAAAAABAAEAAAICTAEAOw== Encontro Anual da Alenrio celebra escritores e produ\u00e7\u00f5es liter\u00e1rias do noroeste ga\u00facho\"   title=\"\"   itemprop=\"thumbnailUrl\" data-envira-srcset=\"https:\/\/alenrio.org.br\/site\/wp-content\/uploads\/2024\/12\/IMG_9430-Medio-1024x683-640x480.jpg 400w,https:\/\/alenrio.org.br\/site\/wp-content\/uploads\/2024\/12\/IMG_9430-Medio-1024x683-640x480.jpg 2x\" data-envira-width=\"300\" data-envira-height=\"200\" srcset=\"data:image\/gif;base64,R0lGODlhAQABAIAAAP\/\/\/\/\/\/\/yH5BAEKAAEALAAAAAABAAEAAAICTAEAOw==\" data-safe-src=\"data:image\/gif;base64,R0lGODlhAQABAIAAAP\/\/\/\/\/\/\/yH5BAEKAAEALAAAAAABAAEAAAICTAEAOw==\" \/><\/a><\/div><\/div><div id=\"envira-gallery-item-1112\" class=\"envira-gallery-item enviratope-item envira-gallery-item-12 envira-lazy-load\" style=\"padding-left: 1px; padding-bottom: 1px; padding-right: 1px;\"  itemscope itemtype=\"https:\/\/schema.org\/ImageObject\"><div class=\"envira-gallery-item-inner\"><div class=\"envira-gallery-position-overlay  envira-gallery-top-left\"><\/div><div class=\"envira-gallery-position-overlay  envira-gallery-top-right\"><\/div><div class=\"envira-gallery-position-overlay  envira-gallery-bottom-left\"><\/div><div class=\"envira-gallery-position-overlay  envira-gallery-bottom-right\"><\/div><a href=\"https:\/\/alenrio.org.br\/site\/wp-content\/uploads\/2024\/12\/IMG_9428-Medio.jpg\" class=\"envira-gallery-1128 envira-gallery-link\" rel=\"enviragallery1128\" title=\"IMG_9428 (M&eacute;dio)\" data-envira-caption=\"IMG_9428 (M&eacute;dio)\" data-envira-retina=\"\" data-thumbnail=\"\"  itemprop=\"contentUrl\"><img decoding=\"async\" id=\"envira-gallery-image-1112\" class=\"envira-gallery-image envira-gallery-image-12 envira-normal envira-lazy\" data-envira-index=\"12\" src=\"https:\/\/alenrio.org.br\/site\/wp-content\/uploads\/2024\/12\/IMG_9428-Medio-1024x683-640x480.jpg\" data-envira-src=\"https:\/\/alenrio.org.br\/site\/wp-content\/uploads\/2024\/12\/IMG_9428-Medio-1024x683-640x480.jpg\" data-envira-gallery-id=\"1128\" data-envira-item-id=\"1112\" data-envira-caption=\"IMG_9428 (M&eacute;dio)\"  alt=\"yH5BAEKAAEALAAAAAABAAEAAAICTAEAOw== Encontro Anual da Alenrio celebra escritores e produ\u00e7\u00f5es liter\u00e1rias do noroeste ga\u00facho\"   title=\"\"   itemprop=\"thumbnailUrl\" data-envira-srcset=\"https:\/\/alenrio.org.br\/site\/wp-content\/uploads\/2024\/12\/IMG_9428-Medio-1024x683-640x480.jpg 400w,https:\/\/alenrio.org.br\/site\/wp-content\/uploads\/2024\/12\/IMG_9428-Medio-1024x683-640x480.jpg 2x\" data-envira-width=\"300\" data-envira-height=\"200\" srcset=\"data:image\/gif;base64,R0lGODlhAQABAIAAAP\/\/\/\/\/\/\/yH5BAEKAAEALAAAAAABAAEAAAICTAEAOw==\" data-safe-src=\"data:image\/gif;base64,R0lGODlhAQABAIAAAP\/\/\/\/\/\/\/yH5BAEKAAEALAAAAAABAAEAAAICTAEAOw==\" \/><\/a><\/div><\/div><div id=\"envira-gallery-item-1111\" class=\"envira-gallery-item enviratope-item envira-gallery-item-13 envira-lazy-load\" style=\"padding-left: 1px; padding-bottom: 1px; padding-right: 1px;\"  itemscope itemtype=\"https:\/\/schema.org\/ImageObject\"><div class=\"envira-gallery-item-inner\"><div class=\"envira-gallery-position-overlay  envira-gallery-top-left\"><\/div><div class=\"envira-gallery-position-overlay  envira-gallery-top-right\"><\/div><div class=\"envira-gallery-position-overlay  envira-gallery-bottom-left\"><\/div><div class=\"envira-gallery-position-overlay  envira-gallery-bottom-right\"><\/div><a href=\"https:\/\/alenrio.org.br\/site\/wp-content\/uploads\/2024\/12\/IMG_9425-Medio.jpg\" class=\"envira-gallery-1128 envira-gallery-link\" rel=\"enviragallery1128\" title=\"IMG_9425 (M&eacute;dio)\" data-envira-caption=\"IMG_9425 (M&eacute;dio)\" data-envira-retina=\"\" data-thumbnail=\"\"  itemprop=\"contentUrl\"><img decoding=\"async\" id=\"envira-gallery-image-1111\" class=\"envira-gallery-image envira-gallery-image-13 envira-normal envira-lazy\" data-envira-index=\"13\" src=\"https:\/\/alenrio.org.br\/site\/wp-content\/uploads\/2024\/12\/IMG_9425-Medio-1024x683-640x480.jpg\" data-envira-src=\"https:\/\/alenrio.org.br\/site\/wp-content\/uploads\/2024\/12\/IMG_9425-Medio-1024x683-640x480.jpg\" data-envira-gallery-id=\"1128\" data-envira-item-id=\"1111\" data-envira-caption=\"IMG_9425 (M&eacute;dio)\"  alt=\"yH5BAEKAAEALAAAAAABAAEAAAICTAEAOw== Encontro Anual da Alenrio celebra escritores e produ\u00e7\u00f5es liter\u00e1rias do noroeste ga\u00facho\"   title=\"\"   itemprop=\"thumbnailUrl\" data-envira-srcset=\"https:\/\/alenrio.org.br\/site\/wp-content\/uploads\/2024\/12\/IMG_9425-Medio-1024x683-640x480.jpg 400w,https:\/\/alenrio.org.br\/site\/wp-content\/uploads\/2024\/12\/IMG_9425-Medio-1024x683-640x480.jpg 2x\" data-envira-width=\"300\" data-envira-height=\"200\" srcset=\"data:image\/gif;base64,R0lGODlhAQABAIAAAP\/\/\/\/\/\/\/yH5BAEKAAEALAAAAAABAAEAAAICTAEAOw==\" data-safe-src=\"data:image\/gif;base64,R0lGODlhAQABAIAAAP\/\/\/\/\/\/\/yH5BAEKAAEALAAAAAABAAEAAAICTAEAOw==\" \/><\/a><\/div><\/div><div id=\"envira-gallery-item-1110\" class=\"envira-gallery-item enviratope-item envira-gallery-item-14 envira-lazy-load\" style=\"padding-left: 1px; padding-bottom: 1px; padding-right: 1px;\"  itemscope itemtype=\"https:\/\/schema.org\/ImageObject\"><div class=\"envira-gallery-item-inner\"><div class=\"envira-gallery-position-overlay  envira-gallery-top-left\"><\/div><div class=\"envira-gallery-position-overlay  envira-gallery-top-right\"><\/div><div class=\"envira-gallery-position-overlay  envira-gallery-bottom-left\"><\/div><div class=\"envira-gallery-position-overlay  envira-gallery-bottom-right\"><\/div><a href=\"https:\/\/alenrio.org.br\/site\/wp-content\/uploads\/2024\/12\/IMG_9415-Medio.jpg\" class=\"envira-gallery-1128 envira-gallery-link\" rel=\"enviragallery1128\" title=\"IMG_9415 (M&eacute;dio)\" data-envira-caption=\"IMG_9415 (M&eacute;dio)\" data-envira-retina=\"\" data-thumbnail=\"\"  itemprop=\"contentUrl\"><img decoding=\"async\" id=\"envira-gallery-image-1110\" class=\"envira-gallery-image envira-gallery-image-14 envira-normal envira-lazy\" data-envira-index=\"14\" src=\"https:\/\/alenrio.org.br\/site\/wp-content\/uploads\/2024\/12\/IMG_9415-Medio-1024x683-640x480.jpg\" data-envira-src=\"https:\/\/alenrio.org.br\/site\/wp-content\/uploads\/2024\/12\/IMG_9415-Medio-1024x683-640x480.jpg\" data-envira-gallery-id=\"1128\" data-envira-item-id=\"1110\" data-envira-caption=\"IMG_9415 (M&eacute;dio)\"  alt=\"yH5BAEKAAEALAAAAAABAAEAAAICTAEAOw== Encontro Anual da Alenrio celebra escritores e produ\u00e7\u00f5es liter\u00e1rias do noroeste ga\u00facho\"   title=\"\"   itemprop=\"thumbnailUrl\" data-envira-srcset=\"https:\/\/alenrio.org.br\/site\/wp-content\/uploads\/2024\/12\/IMG_9415-Medio-1024x683-640x480.jpg 400w,https:\/\/alenrio.org.br\/site\/wp-content\/uploads\/2024\/12\/IMG_9415-Medio-1024x683-640x480.jpg 2x\" data-envira-width=\"300\" data-envira-height=\"200\" srcset=\"data:image\/gif;base64,R0lGODlhAQABAIAAAP\/\/\/\/\/\/\/yH5BAEKAAEALAAAAAABAAEAAAICTAEAOw==\" data-safe-src=\"data:image\/gif;base64,R0lGODlhAQABAIAAAP\/\/\/\/\/\/\/yH5BAEKAAEALAAAAAABAAEAAAICTAEAOw==\" \/><\/a><\/div><\/div><div id=\"envira-gallery-item-1109\" class=\"envira-gallery-item enviratope-item envira-gallery-item-15 envira-lazy-load\" style=\"padding-left: 1px; padding-bottom: 1px; padding-right: 1px;\"  itemscope itemtype=\"https:\/\/schema.org\/ImageObject\"><div class=\"envira-gallery-item-inner\"><div class=\"envira-gallery-position-overlay  envira-gallery-top-left\"><\/div><div class=\"envira-gallery-position-overlay  envira-gallery-top-right\"><\/div><div class=\"envira-gallery-position-overlay  envira-gallery-bottom-left\"><\/div><div class=\"envira-gallery-position-overlay  envira-gallery-bottom-right\"><\/div><a href=\"https:\/\/alenrio.org.br\/site\/wp-content\/uploads\/2024\/12\/IMG_9409-Medio.jpg\" class=\"envira-gallery-1128 envira-gallery-link\" rel=\"enviragallery1128\" title=\"IMG_9409 (M&eacute;dio)\" data-envira-caption=\"IMG_9409 (M&eacute;dio)\" data-envira-retina=\"\" data-thumbnail=\"\"  itemprop=\"contentUrl\"><img decoding=\"async\" id=\"envira-gallery-image-1109\" class=\"envira-gallery-image envira-gallery-image-15 envira-normal envira-lazy\" data-envira-index=\"15\" src=\"https:\/\/alenrio.org.br\/site\/wp-content\/uploads\/2024\/12\/IMG_9409-Medio-1024x683-640x480.jpg\" data-envira-src=\"https:\/\/alenrio.org.br\/site\/wp-content\/uploads\/2024\/12\/IMG_9409-Medio-1024x683-640x480.jpg\" data-envira-gallery-id=\"1128\" data-envira-item-id=\"1109\" data-envira-caption=\"IMG_9409 (M&eacute;dio)\"  alt=\"yH5BAEKAAEALAAAAAABAAEAAAICTAEAOw== Encontro Anual da Alenrio celebra escritores e produ\u00e7\u00f5es liter\u00e1rias do noroeste ga\u00facho\"   title=\"\"   itemprop=\"thumbnailUrl\" data-envira-srcset=\"https:\/\/alenrio.org.br\/site\/wp-content\/uploads\/2024\/12\/IMG_9409-Medio-1024x683-640x480.jpg 400w,https:\/\/alenrio.org.br\/site\/wp-content\/uploads\/2024\/12\/IMG_9409-Medio-1024x683-640x480.jpg 2x\" data-envira-width=\"300\" data-envira-height=\"200\" srcset=\"data:image\/gif;base64,R0lGODlhAQABAIAAAP\/\/\/\/\/\/\/yH5BAEKAAEALAAAAAABAAEAAAICTAEAOw==\" data-safe-src=\"data:image\/gif;base64,R0lGODlhAQABAIAAAP\/\/\/\/\/\/\/yH5BAEKAAEALAAAAAABAAEAAAICTAEAOw==\" \/><\/a><\/div><\/div><div id=\"envira-gallery-item-1108\" class=\"envira-gallery-item enviratope-item envira-gallery-item-16 envira-lazy-load\" style=\"padding-left: 1px; padding-bottom: 1px; padding-right: 1px;\"  itemscope itemtype=\"https:\/\/schema.org\/ImageObject\"><div class=\"envira-gallery-item-inner\"><div class=\"envira-gallery-position-overlay  envira-gallery-top-left\"><\/div><div class=\"envira-gallery-position-overlay  envira-gallery-top-right\"><\/div><div class=\"envira-gallery-position-overlay  envira-gallery-bottom-left\"><\/div><div class=\"envira-gallery-position-overlay  envira-gallery-bottom-right\"><\/div><a href=\"https:\/\/alenrio.org.br\/site\/wp-content\/uploads\/2024\/12\/IMG_9405-Medio.jpg\" class=\"envira-gallery-1128 envira-gallery-link\" rel=\"enviragallery1128\" title=\"IMG_9405 (M&eacute;dio)\" data-envira-caption=\"IMG_9405 (M&eacute;dio)\" data-envira-retina=\"\" data-thumbnail=\"\"  itemprop=\"contentUrl\"><img decoding=\"async\" id=\"envira-gallery-image-1108\" class=\"envira-gallery-image envira-gallery-image-16 envira-normal envira-lazy\" data-envira-index=\"16\" src=\"https:\/\/alenrio.org.br\/site\/wp-content\/uploads\/2024\/12\/IMG_9405-Medio-1024x683-640x480.jpg\" data-envira-src=\"https:\/\/alenrio.org.br\/site\/wp-content\/uploads\/2024\/12\/IMG_9405-Medio-1024x683-640x480.jpg\" data-envira-gallery-id=\"1128\" data-envira-item-id=\"1108\" data-envira-caption=\"IMG_9405 (M&eacute;dio)\"  alt=\"yH5BAEKAAEALAAAAAABAAEAAAICTAEAOw== Encontro Anual da Alenrio celebra escritores e produ\u00e7\u00f5es liter\u00e1rias do noroeste ga\u00facho\"   title=\"\"   itemprop=\"thumbnailUrl\" data-envira-srcset=\"https:\/\/alenrio.org.br\/site\/wp-content\/uploads\/2024\/12\/IMG_9405-Medio-1024x683-640x480.jpg 400w,https:\/\/alenrio.org.br\/site\/wp-content\/uploads\/2024\/12\/IMG_9405-Medio-1024x683-640x480.jpg 2x\" data-envira-width=\"300\" data-envira-height=\"200\" srcset=\"data:image\/gif;base64,R0lGODlhAQABAIAAAP\/\/\/\/\/\/\/yH5BAEKAAEALAAAAAABAAEAAAICTAEAOw==\" data-safe-src=\"data:image\/gif;base64,R0lGODlhAQABAIAAAP\/\/\/\/\/\/\/yH5BAEKAAEALAAAAAABAAEAAAICTAEAOw==\" \/><\/a><\/div><\/div><div id=\"envira-gallery-item-1107\" class=\"envira-gallery-item enviratope-item envira-gallery-item-17 envira-lazy-load\" style=\"padding-left: 1px; padding-bottom: 1px; padding-right: 1px;\"  itemscope itemtype=\"https:\/\/schema.org\/ImageObject\"><div class=\"envira-gallery-item-inner\"><div class=\"envira-gallery-position-overlay  envira-gallery-top-left\"><\/div><div class=\"envira-gallery-position-overlay  envira-gallery-top-right\"><\/div><div class=\"envira-gallery-position-overlay  envira-gallery-bottom-left\"><\/div><div class=\"envira-gallery-position-overlay  envira-gallery-bottom-right\"><\/div><a href=\"https:\/\/alenrio.org.br\/site\/wp-content\/uploads\/2024\/12\/IMG_9403-Medio.jpg\" class=\"envira-gallery-1128 envira-gallery-link\" rel=\"enviragallery1128\" title=\"IMG_9403 (M&eacute;dio)\" data-envira-caption=\"IMG_9403 (M&eacute;dio)\" data-envira-retina=\"\" data-thumbnail=\"\"  itemprop=\"contentUrl\"><img decoding=\"async\" id=\"envira-gallery-image-1107\" class=\"envira-gallery-image envira-gallery-image-17 envira-normal envira-lazy\" data-envira-index=\"17\" src=\"https:\/\/alenrio.org.br\/site\/wp-content\/uploads\/2024\/12\/IMG_9403-Medio-1024x683-640x480.jpg\" data-envira-src=\"https:\/\/alenrio.org.br\/site\/wp-content\/uploads\/2024\/12\/IMG_9403-Medio-1024x683-640x480.jpg\" data-envira-gallery-id=\"1128\" data-envira-item-id=\"1107\" data-envira-caption=\"IMG_9403 (M&eacute;dio)\"  alt=\"yH5BAEKAAEALAAAAAABAAEAAAICTAEAOw== Encontro Anual da Alenrio celebra escritores e produ\u00e7\u00f5es liter\u00e1rias do noroeste ga\u00facho\"   title=\"\"   itemprop=\"thumbnailUrl\" data-envira-srcset=\"https:\/\/alenrio.org.br\/site\/wp-content\/uploads\/2024\/12\/IMG_9403-Medio-1024x683-640x480.jpg 400w,https:\/\/alenrio.org.br\/site\/wp-content\/uploads\/2024\/12\/IMG_9403-Medio-1024x683-640x480.jpg 2x\" data-envira-width=\"300\" data-envira-height=\"200\" srcset=\"data:image\/gif;base64,R0lGODlhAQABAIAAAP\/\/\/\/\/\/\/yH5BAEKAAEALAAAAAABAAEAAAICTAEAOw==\" data-safe-src=\"data:image\/gif;base64,R0lGODlhAQABAIAAAP\/\/\/\/\/\/\/yH5BAEKAAEALAAAAAABAAEAAAICTAEAOw==\" \/><\/a><\/div><\/div><div id=\"envira-gallery-item-1106\" class=\"envira-gallery-item enviratope-item envira-gallery-item-18 envira-lazy-load\" style=\"padding-left: 1px; padding-bottom: 1px; padding-right: 1px;\"  itemscope itemtype=\"https:\/\/schema.org\/ImageObject\"><div class=\"envira-gallery-item-inner\"><div class=\"envira-gallery-position-overlay  envira-gallery-top-left\"><\/div><div class=\"envira-gallery-position-overlay  envira-gallery-top-right\"><\/div><div class=\"envira-gallery-position-overlay  envira-gallery-bottom-left\"><\/div><div class=\"envira-gallery-position-overlay  envira-gallery-bottom-right\"><\/div><a href=\"https:\/\/alenrio.org.br\/site\/wp-content\/uploads\/2024\/12\/IMG_9400-Medio.jpg\" class=\"envira-gallery-1128 envira-gallery-link\" rel=\"enviragallery1128\" title=\"IMG_9400 (M&eacute;dio)\" data-envira-caption=\"IMG_9400 (M&eacute;dio)\" data-envira-retina=\"\" data-thumbnail=\"\"  itemprop=\"contentUrl\"><img decoding=\"async\" id=\"envira-gallery-image-1106\" class=\"envira-gallery-image envira-gallery-image-18 envira-normal envira-lazy\" data-envira-index=\"18\" src=\"https:\/\/alenrio.org.br\/site\/wp-content\/uploads\/2024\/12\/IMG_9400-Medio-1024x683-640x480.jpg\" data-envira-src=\"https:\/\/alenrio.org.br\/site\/wp-content\/uploads\/2024\/12\/IMG_9400-Medio-1024x683-640x480.jpg\" data-envira-gallery-id=\"1128\" data-envira-item-id=\"1106\" data-envira-caption=\"IMG_9400 (M&eacute;dio)\"  alt=\"yH5BAEKAAEALAAAAAABAAEAAAICTAEAOw== Encontro Anual da Alenrio celebra escritores e produ\u00e7\u00f5es liter\u00e1rias do noroeste ga\u00facho\"   title=\"\"   itemprop=\"thumbnailUrl\" data-envira-srcset=\"https:\/\/alenrio.org.br\/site\/wp-content\/uploads\/2024\/12\/IMG_9400-Medio-1024x683-640x480.jpg 400w,https:\/\/alenrio.org.br\/site\/wp-content\/uploads\/2024\/12\/IMG_9400-Medio-1024x683-640x480.jpg 2x\" data-envira-width=\"300\" data-envira-height=\"200\" srcset=\"data:image\/gif;base64,R0lGODlhAQABAIAAAP\/\/\/\/\/\/\/yH5BAEKAAEALAAAAAABAAEAAAICTAEAOw==\" data-safe-src=\"data:image\/gif;base64,R0lGODlhAQABAIAAAP\/\/\/\/\/\/\/yH5BAEKAAEALAAAAAABAAEAAAICTAEAOw==\" \/><\/a><\/div><\/div><div id=\"envira-gallery-item-1105\" class=\"envira-gallery-item enviratope-item envira-gallery-item-19 envira-lazy-load\" style=\"padding-left: 1px; padding-bottom: 1px; padding-right: 1px;\"  itemscope itemtype=\"https:\/\/schema.org\/ImageObject\"><div class=\"envira-gallery-item-inner\"><div class=\"envira-gallery-position-overlay  envira-gallery-top-left\"><\/div><div class=\"envira-gallery-position-overlay  envira-gallery-top-right\"><\/div><div class=\"envira-gallery-position-overlay  envira-gallery-bottom-left\"><\/div><div class=\"envira-gallery-position-overlay  envira-gallery-bottom-right\"><\/div><a href=\"https:\/\/alenrio.org.br\/site\/wp-content\/uploads\/2024\/12\/IMG_9394-Medio.jpg\" class=\"envira-gallery-1128 envira-gallery-link\" rel=\"enviragallery1128\" title=\"IMG_9394 (M&eacute;dio)\" data-envira-caption=\"IMG_9394 (M&eacute;dio)\" data-envira-retina=\"\" data-thumbnail=\"\"  itemprop=\"contentUrl\"><img decoding=\"async\" id=\"envira-gallery-image-1105\" class=\"envira-gallery-image envira-gallery-image-19 envira-normal envira-lazy\" data-envira-index=\"19\" src=\"https:\/\/alenrio.org.br\/site\/wp-content\/uploads\/2024\/12\/IMG_9394-Medio-1024x683-640x480.jpg\" data-envira-src=\"https:\/\/alenrio.org.br\/site\/wp-content\/uploads\/2024\/12\/IMG_9394-Medio-1024x683-640x480.jpg\" data-envira-gallery-id=\"1128\" data-envira-item-id=\"1105\" data-envira-caption=\"IMG_9394 (M&eacute;dio)\"  alt=\"yH5BAEKAAEALAAAAAABAAEAAAICTAEAOw== Encontro Anual da Alenrio celebra escritores e produ\u00e7\u00f5es liter\u00e1rias do noroeste ga\u00facho\"   title=\"\"   itemprop=\"thumbnailUrl\" data-envira-srcset=\"https:\/\/alenrio.org.br\/site\/wp-content\/uploads\/2024\/12\/IMG_9394-Medio-1024x683-640x480.jpg 400w,https:\/\/alenrio.org.br\/site\/wp-content\/uploads\/2024\/12\/IMG_9394-Medio-1024x683-640x480.jpg 2x\" data-envira-width=\"300\" data-envira-height=\"200\" srcset=\"data:image\/gif;base64,R0lGODlhAQABAIAAAP\/\/\/\/\/\/\/yH5BAEKAAEALAAAAAABAAEAAAICTAEAOw==\" data-safe-src=\"data:image\/gif;base64,R0lGODlhAQABAIAAAP\/\/\/\/\/\/\/yH5BAEKAAEALAAAAAABAAEAAAICTAEAOw==\" \/><\/a><\/div><\/div><div id=\"envira-gallery-item-1104\" class=\"envira-gallery-item enviratope-item envira-gallery-item-20 envira-lazy-load\" style=\"padding-left: 1px; padding-bottom: 1px; padding-right: 1px;\"  itemscope itemtype=\"https:\/\/schema.org\/ImageObject\"><div class=\"envira-gallery-item-inner\"><div class=\"envira-gallery-position-overlay  envira-gallery-top-left\"><\/div><div class=\"envira-gallery-position-overlay  envira-gallery-top-right\"><\/div><div class=\"envira-gallery-position-overlay  envira-gallery-bottom-left\"><\/div><div class=\"envira-gallery-position-overlay  envira-gallery-bottom-right\"><\/div><a href=\"https:\/\/alenrio.org.br\/site\/wp-content\/uploads\/2024\/12\/IMG_9384-Medio.jpg\" class=\"envira-gallery-1128 envira-gallery-link\" rel=\"enviragallery1128\" title=\"IMG_9384 (M&eacute;dio)\" data-envira-caption=\"IMG_9384 (M&eacute;dio)\" data-envira-retina=\"\" data-thumbnail=\"\"  itemprop=\"contentUrl\"><img decoding=\"async\" id=\"envira-gallery-image-1104\" class=\"envira-gallery-image envira-gallery-image-20 envira-normal envira-lazy\" data-envira-index=\"20\" src=\"https:\/\/alenrio.org.br\/site\/wp-content\/uploads\/2024\/12\/IMG_9384-Medio-1024x683-640x480.jpg\" data-envira-src=\"https:\/\/alenrio.org.br\/site\/wp-content\/uploads\/2024\/12\/IMG_9384-Medio-1024x683-640x480.jpg\" data-envira-gallery-id=\"1128\" data-envira-item-id=\"1104\" data-envira-caption=\"IMG_9384 (M&eacute;dio)\"  alt=\"yH5BAEKAAEALAAAAAABAAEAAAICTAEAOw== Encontro Anual da Alenrio celebra escritores e produ\u00e7\u00f5es liter\u00e1rias do noroeste ga\u00facho\"   title=\"\"   itemprop=\"thumbnailUrl\" data-envira-srcset=\"https:\/\/alenrio.org.br\/site\/wp-content\/uploads\/2024\/12\/IMG_9384-Medio-1024x683-640x480.jpg 400w,https:\/\/alenrio.org.br\/site\/wp-content\/uploads\/2024\/12\/IMG_9384-Medio-1024x683-640x480.jpg 2x\" data-envira-width=\"300\" data-envira-height=\"200\" srcset=\"data:image\/gif;base64,R0lGODlhAQABAIAAAP\/\/\/\/\/\/\/yH5BAEKAAEALAAAAAABAAEAAAICTAEAOw==\" data-safe-src=\"data:image\/gif;base64,R0lGODlhAQABAIAAAP\/\/\/\/\/\/\/yH5BAEKAAEALAAAAAABAAEAAAICTAEAOw==\" \/><\/a><\/div><\/div><div id=\"envira-gallery-item-1103\" class=\"envira-gallery-item enviratope-item envira-gallery-item-21 envira-lazy-load\" style=\"padding-left: 1px; padding-bottom: 1px; padding-right: 1px;\"  itemscope itemtype=\"https:\/\/schema.org\/ImageObject\"><div class=\"envira-gallery-item-inner\"><div class=\"envira-gallery-position-overlay  envira-gallery-top-left\"><\/div><div class=\"envira-gallery-position-overlay  envira-gallery-top-right\"><\/div><div class=\"envira-gallery-position-overlay  envira-gallery-bottom-left\"><\/div><div class=\"envira-gallery-position-overlay  envira-gallery-bottom-right\"><\/div><a href=\"https:\/\/alenrio.org.br\/site\/wp-content\/uploads\/2024\/12\/IMG_9379-Medio.jpg\" class=\"envira-gallery-1128 envira-gallery-link\" rel=\"enviragallery1128\" title=\"IMG_9379 (M&eacute;dio)\" data-envira-caption=\"IMG_9379 (M&eacute;dio)\" data-envira-retina=\"\" data-thumbnail=\"\"  itemprop=\"contentUrl\"><img decoding=\"async\" id=\"envira-gallery-image-1103\" class=\"envira-gallery-image envira-gallery-image-21 envira-normal envira-lazy\" data-envira-index=\"21\" src=\"https:\/\/alenrio.org.br\/site\/wp-content\/uploads\/2024\/12\/IMG_9379-Medio-1024x683-640x480.jpg\" data-envira-src=\"https:\/\/alenrio.org.br\/site\/wp-content\/uploads\/2024\/12\/IMG_9379-Medio-1024x683-640x480.jpg\" data-envira-gallery-id=\"1128\" data-envira-item-id=\"1103\" data-envira-caption=\"IMG_9379 (M&eacute;dio)\"  alt=\"yH5BAEKAAEALAAAAAABAAEAAAICTAEAOw== Encontro Anual da Alenrio celebra escritores e produ\u00e7\u00f5es liter\u00e1rias do noroeste ga\u00facho\"   title=\"\"   itemprop=\"thumbnailUrl\" data-envira-srcset=\"https:\/\/alenrio.org.br\/site\/wp-content\/uploads\/2024\/12\/IMG_9379-Medio-1024x683-640x480.jpg 400w,https:\/\/alenrio.org.br\/site\/wp-content\/uploads\/2024\/12\/IMG_9379-Medio-1024x683-640x480.jpg 2x\" data-envira-width=\"300\" data-envira-height=\"200\" srcset=\"data:image\/gif;base64,R0lGODlhAQABAIAAAP\/\/\/\/\/\/\/yH5BAEKAAEALAAAAAABAAEAAAICTAEAOw==\" data-safe-src=\"data:image\/gif;base64,R0lGODlhAQABAIAAAP\/\/\/\/\/\/\/yH5BAEKAAEALAAAAAABAAEAAAICTAEAOw==\" \/><\/a><\/div><\/div><div id=\"envira-gallery-item-1102\" class=\"envira-gallery-item enviratope-item envira-gallery-item-22 envira-lazy-load\" style=\"padding-left: 1px; padding-bottom: 1px; padding-right: 1px;\"  itemscope itemtype=\"https:\/\/schema.org\/ImageObject\"><div class=\"envira-gallery-item-inner\"><div class=\"envira-gallery-position-overlay  envira-gallery-top-left\"><\/div><div class=\"envira-gallery-position-overlay  envira-gallery-top-right\"><\/div><div class=\"envira-gallery-position-overlay  envira-gallery-bottom-left\"><\/div><div class=\"envira-gallery-position-overlay  envira-gallery-bottom-right\"><\/div><a href=\"https:\/\/alenrio.org.br\/site\/wp-content\/uploads\/2024\/12\/IMG_9368-Medio.jpg\" class=\"envira-gallery-1128 envira-gallery-link\" rel=\"enviragallery1128\" title=\"IMG_9368 (M&eacute;dio)\" data-envira-caption=\"IMG_9368 (M&eacute;dio)\" data-envira-retina=\"\" data-thumbnail=\"\"  itemprop=\"contentUrl\"><img decoding=\"async\" id=\"envira-gallery-image-1102\" class=\"envira-gallery-image envira-gallery-image-22 envira-normal envira-lazy\" data-envira-index=\"22\" src=\"https:\/\/alenrio.org.br\/site\/wp-content\/uploads\/2024\/12\/IMG_9368-Medio-1024x683-640x480.jpg\" data-envira-src=\"https:\/\/alenrio.org.br\/site\/wp-content\/uploads\/2024\/12\/IMG_9368-Medio-1024x683-640x480.jpg\" data-envira-gallery-id=\"1128\" data-envira-item-id=\"1102\" data-envira-caption=\"IMG_9368 (M&eacute;dio)\"  alt=\"yH5BAEKAAEALAAAAAABAAEAAAICTAEAOw== Encontro Anual da Alenrio celebra escritores e produ\u00e7\u00f5es liter\u00e1rias do noroeste ga\u00facho\"   title=\"\"   itemprop=\"thumbnailUrl\" data-envira-srcset=\"https:\/\/alenrio.org.br\/site\/wp-content\/uploads\/2024\/12\/IMG_9368-Medio-1024x683-640x480.jpg 400w,https:\/\/alenrio.org.br\/site\/wp-content\/uploads\/2024\/12\/IMG_9368-Medio-1024x683-640x480.jpg 2x\" data-envira-width=\"300\" data-envira-height=\"200\" srcset=\"data:image\/gif;base64,R0lGODlhAQABAIAAAP\/\/\/\/\/\/\/yH5BAEKAAEALAAAAAABAAEAAAICTAEAOw==\" data-safe-src=\"data:image\/gif;base64,R0lGODlhAQABAIAAAP\/\/\/\/\/\/\/yH5BAEKAAEALAAAAAABAAEAAAICTAEAOw==\" \/><\/a><\/div><\/div><div id=\"envira-gallery-item-1101\" class=\"envira-gallery-item enviratope-item envira-gallery-item-23 envira-lazy-load\" style=\"padding-left: 1px; padding-bottom: 1px; padding-right: 1px;\"  itemscope itemtype=\"https:\/\/schema.org\/ImageObject\"><div class=\"envira-gallery-item-inner\"><div class=\"envira-gallery-position-overlay  envira-gallery-top-left\"><\/div><div class=\"envira-gallery-position-overlay  envira-gallery-top-right\"><\/div><div class=\"envira-gallery-position-overlay  envira-gallery-bottom-left\"><\/div><div class=\"envira-gallery-position-overlay  envira-gallery-bottom-right\"><\/div><a href=\"https:\/\/alenrio.org.br\/site\/wp-content\/uploads\/2024\/12\/IMG_9292-Medio.jpg\" class=\"envira-gallery-1128 envira-gallery-link\" rel=\"enviragallery1128\" title=\"IMG_9292 (M&eacute;dio)\" data-envira-caption=\"IMG_9292 (M&eacute;dio)\" data-envira-retina=\"\" data-thumbnail=\"\"  itemprop=\"contentUrl\"><img decoding=\"async\" id=\"envira-gallery-image-1101\" class=\"envira-gallery-image envira-gallery-image-23 envira-normal envira-lazy\" data-envira-index=\"23\" src=\"https:\/\/alenrio.org.br\/site\/wp-content\/uploads\/2024\/12\/IMG_9292-Medio-1024x683-640x480.jpg\" data-envira-src=\"https:\/\/alenrio.org.br\/site\/wp-content\/uploads\/2024\/12\/IMG_9292-Medio-1024x683-640x480.jpg\" data-envira-gallery-id=\"1128\" data-envira-item-id=\"1101\" data-envira-caption=\"IMG_9292 (M&eacute;dio)\"  alt=\"yH5BAEKAAEALAAAAAABAAEAAAICTAEAOw== Encontro Anual da Alenrio celebra escritores e produ\u00e7\u00f5es liter\u00e1rias do noroeste ga\u00facho\"   title=\"\"   itemprop=\"thumbnailUrl\" data-envira-srcset=\"https:\/\/alenrio.org.br\/site\/wp-content\/uploads\/2024\/12\/IMG_9292-Medio-1024x683-640x480.jpg 400w,https:\/\/alenrio.org.br\/site\/wp-content\/uploads\/2024\/12\/IMG_9292-Medio-1024x683-640x480.jpg 2x\" data-envira-width=\"300\" data-envira-height=\"200\" srcset=\"data:image\/gif;base64,R0lGODlhAQABAIAAAP\/\/\/\/\/\/\/yH5BAEKAAEALAAAAAABAAEAAAICTAEAOw==\" data-safe-src=\"data:image\/gif;base64,R0lGODlhAQABAIAAAP\/\/\/\/\/\/\/yH5BAEKAAEALAAAAAABAAEAAAICTAEAOw==\" \/><\/a><\/div><\/div><div id=\"envira-gallery-item-1098\" class=\"envira-gallery-item enviratope-item envira-gallery-item-24 envira-lazy-load\" style=\"padding-left: 1px; padding-bottom: 1px; padding-right: 1px;\"  itemscope itemtype=\"https:\/\/schema.org\/ImageObject\"><div class=\"envira-gallery-item-inner\"><div class=\"envira-gallery-position-overlay  envira-gallery-top-left\"><\/div><div class=\"envira-gallery-position-overlay  envira-gallery-top-right\"><\/div><div class=\"envira-gallery-position-overlay  envira-gallery-bottom-left\"><\/div><div class=\"envira-gallery-position-overlay  envira-gallery-bottom-right\"><\/div><a href=\"https:\/\/alenrio.org.br\/site\/wp-content\/uploads\/2024\/12\/IMG_9447-ed.jpg\" class=\"envira-gallery-1128 envira-gallery-link\" rel=\"enviragallery1128\" title=\"IMG_9447 ed\" data-envira-caption=\"IMG_9447 ed\" data-envira-retina=\"\" data-thumbnail=\"\"  itemprop=\"contentUrl\"><img decoding=\"async\" id=\"envira-gallery-image-1098\" class=\"envira-gallery-image envira-gallery-image-24 envira-normal envira-lazy\" data-envira-index=\"24\" src=\"https:\/\/alenrio.org.br\/site\/wp-content\/uploads\/2024\/12\/IMG_9447-ed-1024x682-640x480.jpg\" data-envira-src=\"https:\/\/alenrio.org.br\/site\/wp-content\/uploads\/2024\/12\/IMG_9447-ed-1024x682-640x480.jpg\" data-envira-gallery-id=\"1128\" data-envira-item-id=\"1098\" data-envira-caption=\"IMG_9447 ed\"  alt=\"yH5BAEKAAEALAAAAAABAAEAAAICTAEAOw== Encontro Anual da Alenrio celebra escritores e produ\u00e7\u00f5es liter\u00e1rias do noroeste ga\u00facho\"   title=\"\"   itemprop=\"thumbnailUrl\" data-envira-srcset=\"https:\/\/alenrio.org.br\/site\/wp-content\/uploads\/2024\/12\/IMG_9447-ed-1024x682-640x480.jpg 400w,https:\/\/alenrio.org.br\/site\/wp-content\/uploads\/2024\/12\/IMG_9447-ed-1024x682-640x480.jpg 2x\" data-envira-width=\"300\" data-envira-height=\"200\" srcset=\"data:image\/gif;base64,R0lGODlhAQABAIAAAP\/\/\/\/\/\/\/yH5BAEKAAEALAAAAAABAAEAAAICTAEAOw==\" data-safe-src=\"data:image\/gif;base64,R0lGODlhAQABAIAAAP\/\/\/\/\/\/\/yH5BAEKAAEALAAAAAABAAEAAAICTAEAOw==\" \/><\/a><\/div><\/div><\/div><\/div><noscript><img  title=\"\" decoding=\"async\" src=\"https:\/\/alenrio.org.br\/site\/wp-content\/uploads\/2024\/12\/IMG_9296-Medio.jpg\"  alt=\"IMG_9296-Medio Encontro Anual da Alenrio celebra escritores e produ\u00e7\u00f5es liter\u00e1rias do noroeste ga\u00facho\"  \/><img  title=\"\" decoding=\"async\" src=\"https:\/\/alenrio.org.br\/site\/wp-content\/uploads\/2024\/12\/IMG_9286-Medio.jpg\"  alt=\"IMG_9286-Medio Encontro Anual da Alenrio celebra escritores e produ\u00e7\u00f5es liter\u00e1rias do noroeste ga\u00facho\"  \/><img  title=\"\" decoding=\"async\" src=\"https:\/\/alenrio.org.br\/site\/wp-content\/uploads\/2024\/12\/IMG_9280-Medio.jpg\"  alt=\"IMG_9280-Medio Encontro Anual da Alenrio celebra escritores e produ\u00e7\u00f5es liter\u00e1rias do noroeste ga\u00facho\"  \/><img  title=\"\" decoding=\"async\" src=\"https:\/\/alenrio.org.br\/site\/wp-content\/uploads\/2024\/12\/IMG_9450-Medio.jpg\"  alt=\"IMG_9450-Medio Encontro Anual da Alenrio celebra escritores e produ\u00e7\u00f5es liter\u00e1rias do noroeste ga\u00facho\"  \/><img  title=\"\" decoding=\"async\" src=\"https:\/\/alenrio.org.br\/site\/wp-content\/uploads\/2024\/12\/IMG_9448-Medio.jpg\"  alt=\"IMG_9448-Medio Encontro Anual da Alenrio celebra escritores e produ\u00e7\u00f5es liter\u00e1rias do noroeste ga\u00facho\"  \/><img  title=\"\" decoding=\"async\" src=\"https:\/\/alenrio.org.br\/site\/wp-content\/uploads\/2024\/12\/IMG_9444-Medio.jpg\"  alt=\"IMG_9444-Medio Encontro Anual da Alenrio celebra escritores e produ\u00e7\u00f5es liter\u00e1rias do noroeste ga\u00facho\"  \/><img  title=\"\" decoding=\"async\" src=\"https:\/\/alenrio.org.br\/site\/wp-content\/uploads\/2024\/12\/IMG_9440-Medio.jpg\"  alt=\"IMG_9440-Medio Encontro Anual da Alenrio celebra escritores e produ\u00e7\u00f5es liter\u00e1rias do noroeste ga\u00facho\"  \/><img  title=\"\" decoding=\"async\" src=\"https:\/\/alenrio.org.br\/site\/wp-content\/uploads\/2024\/12\/IMG_9437-Medio.jpg\"  alt=\"IMG_9437-Medio Encontro Anual da Alenrio celebra escritores e produ\u00e7\u00f5es liter\u00e1rias do noroeste ga\u00facho\"  \/><img  title=\"\" decoding=\"async\" src=\"https:\/\/alenrio.org.br\/site\/wp-content\/uploads\/2024\/12\/IMG_9433-Medio.jpg\"  alt=\"IMG_9433-Medio Encontro Anual da Alenrio celebra escritores e produ\u00e7\u00f5es liter\u00e1rias do noroeste ga\u00facho\"  \/><img  title=\"\" decoding=\"async\" src=\"https:\/\/alenrio.org.br\/site\/wp-content\/uploads\/2024\/12\/IMG_9432-Medio.jpg\"  alt=\"IMG_9432-Medio Encontro Anual da Alenrio celebra escritores e produ\u00e7\u00f5es liter\u00e1rias do noroeste ga\u00facho\"  \/><img  title=\"\" decoding=\"async\" src=\"https:\/\/alenrio.org.br\/site\/wp-content\/uploads\/2024\/12\/IMG_9430-Medio.jpg\"  alt=\"IMG_9430-Medio Encontro Anual da Alenrio celebra escritores e produ\u00e7\u00f5es liter\u00e1rias do noroeste ga\u00facho\"  \/><img  title=\"\" decoding=\"async\" src=\"https:\/\/alenrio.org.br\/site\/wp-content\/uploads\/2024\/12\/IMG_9428-Medio.jpg\"  alt=\"IMG_9428-Medio Encontro Anual da Alenrio celebra escritores e produ\u00e7\u00f5es liter\u00e1rias do noroeste ga\u00facho\"  \/><img  title=\"\" decoding=\"async\" src=\"https:\/\/alenrio.org.br\/site\/wp-content\/uploads\/2024\/12\/IMG_9425-Medio.jpg\"  alt=\"IMG_9425-Medio Encontro Anual da Alenrio celebra escritores e produ\u00e7\u00f5es liter\u00e1rias do noroeste ga\u00facho\"  \/><img  title=\"\" decoding=\"async\" src=\"https:\/\/alenrio.org.br\/site\/wp-content\/uploads\/2024\/12\/IMG_9415-Medio.jpg\"  alt=\"IMG_9415-Medio Encontro Anual da Alenrio celebra escritores e produ\u00e7\u00f5es liter\u00e1rias do noroeste ga\u00facho\"  \/><img  title=\"\" decoding=\"async\" src=\"https:\/\/alenrio.org.br\/site\/wp-content\/uploads\/2024\/12\/IMG_9409-Medio.jpg\"  alt=\"IMG_9409-Medio Encontro Anual da Alenrio celebra escritores e produ\u00e7\u00f5es liter\u00e1rias do noroeste ga\u00facho\"  \/><img  title=\"\" decoding=\"async\" src=\"https:\/\/alenrio.org.br\/site\/wp-content\/uploads\/2024\/12\/IMG_9405-Medio.jpg\"  alt=\"IMG_9405-Medio Encontro Anual da Alenrio celebra escritores e produ\u00e7\u00f5es liter\u00e1rias do noroeste ga\u00facho\"  \/><img  title=\"\" decoding=\"async\" src=\"https:\/\/alenrio.org.br\/site\/wp-content\/uploads\/2024\/12\/IMG_9403-Medio.jpg\"  alt=\"IMG_9403-Medio Encontro Anual da Alenrio celebra escritores e produ\u00e7\u00f5es liter\u00e1rias do noroeste ga\u00facho\"  \/><img  title=\"\" decoding=\"async\" src=\"https:\/\/alenrio.org.br\/site\/wp-content\/uploads\/2024\/12\/IMG_9400-Medio.jpg\"  alt=\"IMG_9400-Medio Encontro Anual da Alenrio celebra escritores e produ\u00e7\u00f5es liter\u00e1rias do noroeste ga\u00facho\"  \/><img  title=\"\" decoding=\"async\" src=\"https:\/\/alenrio.org.br\/site\/wp-content\/uploads\/2024\/12\/IMG_9394-Medio.jpg\"  alt=\"IMG_9394-Medio Encontro Anual da Alenrio celebra escritores e produ\u00e7\u00f5es liter\u00e1rias do noroeste ga\u00facho\"  \/><img  title=\"\" decoding=\"async\" src=\"https:\/\/alenrio.org.br\/site\/wp-content\/uploads\/2024\/12\/IMG_9384-Medio.jpg\"  alt=\"IMG_9384-Medio Encontro Anual da Alenrio celebra escritores e produ\u00e7\u00f5es liter\u00e1rias do noroeste ga\u00facho\"  \/><img  title=\"\" decoding=\"async\" src=\"https:\/\/alenrio.org.br\/site\/wp-content\/uploads\/2024\/12\/IMG_9379-Medio.jpg\"  alt=\"IMG_9379-Medio Encontro Anual da Alenrio celebra escritores e produ\u00e7\u00f5es liter\u00e1rias do noroeste ga\u00facho\"  \/><img  title=\"\" decoding=\"async\" src=\"https:\/\/alenrio.org.br\/site\/wp-content\/uploads\/2024\/12\/IMG_9368-Medio.jpg\"  alt=\"IMG_9368-Medio Encontro Anual da Alenrio celebra escritores e produ\u00e7\u00f5es liter\u00e1rias do noroeste ga\u00facho\"  \/><img  title=\"\" decoding=\"async\" src=\"https:\/\/alenrio.org.br\/site\/wp-content\/uploads\/2024\/12\/IMG_9292-Medio.jpg\"  alt=\"IMG_9292-Medio Encontro Anual da Alenrio celebra escritores e produ\u00e7\u00f5es liter\u00e1rias do noroeste ga\u00facho\"  \/><img  title=\"\" decoding=\"async\" src=\"https:\/\/alenrio.org.br\/site\/wp-content\/uploads\/2024\/12\/IMG_9447-ed.jpg\"  alt=\"IMG_9447-ed Encontro Anual da Alenrio celebra escritores e produ\u00e7\u00f5es liter\u00e1rias do noroeste ga\u00facho\"  \/><\/noscript><\/div>\n\n\n\n<p>Fotos: Rejane Carpenedo<\/p>\n","protected":false},"excerpt":{"rendered":"<p>A programa\u00e7\u00e3o do IV Literario &#8211; Encontro Anual da Alenrio que ocorreu no s\u00e1bado (7), em Novo Machado, contou com a posse da nova diretoria e a realiza\u00e7\u00e3o do primeiro sarau liter\u00e1rio<\/p>\n","protected":false},"author":1,"featured_media":1098,"comment_status":"closed","ping_status":"open","sticky":false,"template":"","format":"standard","meta":{"_eb_attr":"","footnotes":""},"categories":[5],"tags":[31],"class_list":["post-1097","post","type-post","status-publish","format-standard","has-post-thumbnail","hentry","category-bid","tag-encontro-anual"],"_links":{"self":[{"href":"https:\/\/alenrio.org.br\/site\/wp-json\/wp\/v2\/posts\/1097","targetHints":{"allow":["GET"]}}],"collection":[{"href":"https:\/\/alenrio.org.br\/site\/wp-json\/wp\/v2\/posts"}],"about":[{"href":"https:\/\/alenrio.org.br\/site\/wp-json\/wp\/v2\/types\/post"}],"author":[{"embeddable":true,"href":"https:\/\/alenrio.org.br\/site\/wp-json\/wp\/v2\/users\/1"}],"replies":[{"embeddable":true,"href":"https:\/\/alenrio.org.br\/site\/wp-json\/wp\/v2\/comments?post=1097"}],"version-history":[{"count":5,"href":"https:\/\/alenrio.org.br\/site\/wp-json\/wp\/v2\/posts\/1097\/revisions"}],"predecessor-version":[{"id":1129,"href":"https:\/\/alenrio.org.br\/site\/wp-json\/wp\/v2\/posts\/1097\/revisions\/1129"}],"wp:featuredmedia":[{"embeddable":true,"href":"https:\/\/alenrio.org.br\/site\/wp-json\/wp\/v2\/media\/1098"}],"wp:attachment":[{"href":"https:\/\/alenrio.org.br\/site\/wp-json\/wp\/v2\/media?parent=1097"}],"wp:term":[{"taxonomy":"category","embeddable":true,"href":"https:\/\/alenrio.org.br\/site\/wp-json\/wp\/v2\/categories?post=1097"},{"taxonomy":"post_tag","embeddable":true,"href":"https:\/\/alenrio.org.br\/site\/wp-json\/wp\/v2\/tags?post=1097"}],"curies":[{"name":"wp","href":"https:\/\/api.w.org\/{rel}","templated":true}]}}