{"id":114,"date":"2023-07-07T20:19:00","date_gmt":"2023-07-07T23:19:00","guid":{"rendered":"https:\/\/alenrio.org.br\/site\/?p=114"},"modified":"2024-09-20T10:47:08","modified_gmt":"2024-09-20T13:47:08","slug":"edital-002-2023-para-preenchimento-de-vaga-de-membro-titular","status":"publish","type":"post","link":"https:\/\/alenrio.org.br\/site\/edital-002-2023-para-preenchimento-de-vaga-de-membro-titular\/","title":{"rendered":"Edital 002- 2023 para preenchimento de vaga de Membro Titular"},"content":{"rendered":"<p>Inscri\u00e7\u00f5es poder\u00e3o ser realizadas at\u00e9 o dia <strong>30 de setembro de 2023<\/strong>. <strong>[ENCERRADO]<\/strong><!--more--><\/p>\n<p><span style=\"font-weight: 400;\">O Presidente da <strong>Academia de Letras do Noroeste do Rio Grande do Sul<\/strong> \u2013 <strong>Alenrio<\/strong>, no uso de suas atribui\u00e7\u00f5es legais e estatu\u00e1rias, ap\u00f3s delibera\u00e7\u00e3o em reuni\u00e3o no dia 10 de junho de 2023, considerando o inc. II do art. 10 do Estatuto e o art. 3\u00ba do Regimento Interno, declara aberto o per\u00edodo de apresenta\u00e7\u00e3o de candidaturas para o preenchimento da <strong>Cadeira n\u00ba 2<\/strong>, cujo patrono \u00e9 o Professor Martin Grajewski. <\/span><\/p>\n<p>Mais informa\u00e7\u00f5es:\u00a0\u2709 <a href=\"mailto:alenrio20@gmail.com\"><span style=\"font-weight: 400;\">alenrio20@gmail.com<\/span><\/a><\/p>\n\n\n<div class=\"wp-block-buttons is-layout-flex wp-block-buttons-is-layout-flex\">\n<div class=\"wp-block-button has-custom-font-size is-style-outline has-medium-font-size is-style-outline--1\"><a class=\"wp-block-button__link wp-element-button\">Edital 002-2023<\/a><\/div>\n\n\n\n<div class=\"wp-block-button is-style-outline is-style-outline--2\"><a class=\"wp-block-button__link wp-element-button\">Homologa\u00e7\u00e3o e orienta\u00e7\u00f5es<\/a><\/div>\n\n\n\n<div class=\"wp-block-button is-style-outline is-style-outline--3\"><a class=\"wp-block-button__link wp-element-button\">RESULTADO FINAL<\/a><\/div>\n<\/div>\n\n\n\n<p><\/p>\n","protected":false},"excerpt":{"rendered":"<p>Inscri\u00e7\u00f5es poder\u00e3o ser realizadas at\u00e9 o dia 30 de setembro de 2023. [ENCERRADO]<\/p>\n","protected":false},"author":1,"featured_media":478,"comment_status":"closed","ping_status":"open","sticky":false,"template":"","format":"standard","meta":{"_eb_attr":"","footnotes":""},"categories":[7],"tags":[],"class_list":["post-114","post","type-post","status-publish","format-standard","has-post-thumbnail","hentry","category-editais"],"_links":{"self":[{"href":"https:\/\/alenrio.org.br\/site\/wp-json\/wp\/v2\/posts\/114","targetHints":{"allow":["GET"]}}],"collection":[{"href":"https:\/\/alenrio.org.br\/site\/wp-json\/wp\/v2\/posts"}],"about":[{"href":"https:\/\/alenrio.org.br\/site\/wp-json\/wp\/v2\/types\/post"}],"author":[{"embeddable":true,"href":"https:\/\/alenrio.org.br\/site\/wp-json\/wp\/v2\/users\/1"}],"replies":[{"embeddable":true,"href":"https:\/\/alenrio.org.br\/site\/wp-json\/wp\/v2\/comments?post=114"}],"version-history":[{"count":2,"href":"https:\/\/alenrio.org.br\/site\/wp-json\/wp\/v2\/posts\/114\/revisions"}],"predecessor-version":[{"id":119,"href":"https:\/\/alenrio.org.br\/site\/wp-json\/wp\/v2\/posts\/114\/revisions\/119"}],"wp:featuredmedia":[{"embeddable":true,"href":"https:\/\/alenrio.org.br\/site\/wp-json\/wp\/v2\/media\/478"}],"wp:attachment":[{"href":"https:\/\/alenrio.org.br\/site\/wp-json\/wp\/v2\/media?parent=114"}],"wp:term":[{"taxonomy":"category","embeddable":true,"href":"https:\/\/alenrio.org.br\/site\/wp-json\/wp\/v2\/categories?post=114"},{"taxonomy":"post_tag","embeddable":true,"href":"https:\/\/alenrio.org.br\/site\/wp-json\/wp\/v2\/tags?post=114"}],"curies":[{"name":"wp","href":"https:\/\/api.w.org\/{rel}","templated":true}]}}