{"id":142,"date":"2023-07-07T22:08:00","date_gmt":"2023-07-08T01:08:00","guid":{"rendered":"https:\/\/alenrio.org.br\/site\/?p=142"},"modified":"2024-10-13T23:11:08","modified_gmt":"2024-10-14T02:11:08","slug":"inscricoes-para-candidatura-a-membro-efetivo-serao-aceitas-ate-31-de-agosto","status":"publish","type":"post","link":"https:\/\/alenrio.org.br\/site\/inscricoes-para-candidatura-a-membro-efetivo-serao-aceitas-ate-31-de-agosto\/","title":{"rendered":"Inscri\u00e7\u00f5es para candidatura a membro efetivo ser\u00e3o aceitas at\u00e9 31 de agosto"},"content":{"rendered":"\n<p><em>As inscri\u00e7\u00f5es dever\u00e3o ser realizadas exclusivamente pela internet.<\/em><\/p>\n\n\n\n<!--more-->\n\n\n\n<p>A Academia de Letras do Noroeste do Rio Grande do Sul \u2013 Alenrio, tornou p\u00fablico o edital de inscri\u00e7\u00f5es para a apresenta\u00e7\u00e3o de candidaturas para o preenchimento da Cadeira n\u00ba 2, que tem como patrono perp\u00e9tuo Martin Grajewski.<\/p>\n\n\n\n<p>\u201cPodem se inscrever escritores nascidos e\/ou residentes em um dos munic\u00edpios da macrorregi\u00e3o Noroeste do Rio Grande do Sul, que tenham publicado obras em qualquer dos g\u00eaneros de literatura\u201d, ressalta Renato Pereira, presidente da entidade.<\/p>\n\n\n\n<p>O edital com os crit\u00e9rios para inscri\u00e7\u00e3o est\u00e1 dispon\u00edvel no site da Alenrio, no endere\u00e7o https:\/\/alenrio.org.br.<\/p>\n\n\n\n<p><strong>Sobre a Alenrio<\/strong><\/p>\n\n\n\n<p>A Academia de Letras do Noroeste do Rio grande do Sul &#8211; Alenrio \u00e9 uma entidade da sociedade civil, sem fins lucrativos, filiada \u00e0 Academia Rio-grandense de Letras que tem como miss\u00e3o cultivar, preservar e divulgar o vern\u00e1culo e a literatura regional, reunindo escritores dos munic\u00edpios da regi\u00e3o noroeste do Rio Grande do Sul. Os acad\u00eamicos s\u00e3o chamados \u201cimortais\u201d e ocupam uma cadeira, seguindo a tradi\u00e7\u00e3o da Academia Francesa, fundada em 1635. O conceito da outorga da \u201cimortalidade\u201d remete-se a lembran\u00e7a e a valoriza\u00e7\u00e3o permanente do acad\u00eamico no conjunto de escritores da regi\u00e3o.<\/p>\n","protected":false},"excerpt":{"rendered":"<p>As inscri\u00e7\u00f5es dever\u00e3o ser realizadas exclusivamente pela internet.<\/p>\n","protected":false},"author":1,"featured_media":143,"comment_status":"closed","ping_status":"open","sticky":false,"template":"","format":"standard","meta":{"_eb_attr":"","footnotes":""},"categories":[5],"tags":[],"class_list":["post-142","post","type-post","status-publish","format-standard","has-post-thumbnail","hentry","category-bid"],"_links":{"self":[{"href":"https:\/\/alenrio.org.br\/site\/wp-json\/wp\/v2\/posts\/142","targetHints":{"allow":["GET"]}}],"collection":[{"href":"https:\/\/alenrio.org.br\/site\/wp-json\/wp\/v2\/posts"}],"about":[{"href":"https:\/\/alenrio.org.br\/site\/wp-json\/wp\/v2\/types\/post"}],"author":[{"embeddable":true,"href":"https:\/\/alenrio.org.br\/site\/wp-json\/wp\/v2\/users\/1"}],"replies":[{"embeddable":true,"href":"https:\/\/alenrio.org.br\/site\/wp-json\/wp\/v2\/comments?post=142"}],"version-history":[{"count":3,"href":"https:\/\/alenrio.org.br\/site\/wp-json\/wp\/v2\/posts\/142\/revisions"}],"predecessor-version":[{"id":791,"href":"https:\/\/alenrio.org.br\/site\/wp-json\/wp\/v2\/posts\/142\/revisions\/791"}],"wp:featuredmedia":[{"embeddable":true,"href":"https:\/\/alenrio.org.br\/site\/wp-json\/wp\/v2\/media\/143"}],"wp:attachment":[{"href":"https:\/\/alenrio.org.br\/site\/wp-json\/wp\/v2\/media?parent=142"}],"wp:term":[{"taxonomy":"category","embeddable":true,"href":"https:\/\/alenrio.org.br\/site\/wp-json\/wp\/v2\/categories?post=142"},{"taxonomy":"post_tag","embeddable":true,"href":"https:\/\/alenrio.org.br\/site\/wp-json\/wp\/v2\/tags?post=142"}],"curies":[{"name":"wp","href":"https:\/\/api.w.org\/{rel}","templated":true}]}}