{"id":685,"date":"2020-09-09T21:58:00","date_gmt":"2020-09-10T00:58:00","guid":{"rendered":"https:\/\/alenrio.org.br\/site\/?p=685"},"modified":"2024-09-24T22:04:30","modified_gmt":"2024-09-25T01:04:30","slug":"homenagem-ao-centenario-da-imigracao-italiana","status":"publish","type":"post","link":"https:\/\/alenrio.org.br\/site\/homenagem-ao-centenario-da-imigracao-italiana\/","title":{"rendered":"Homenagem ao Centen\u00e1rio da Imigra\u00e7\u00e3o Italiana"},"content":{"rendered":"\n<p>O Grupo de Trabalho da Academia de Letras do Noroeste do Rio Grande do Sul (Alenrio) homenageia Tucunduva-RS na data da emancipa\u00e7\u00e3o pol\u00edtica e, ao mesmo tempo, comemora o ano do centen\u00e1rio da imigra\u00e7\u00e3o. <\/p>\n\n\n\n<!--more-->\n\n\n\n<p>Na obra <em>Os saqueadores de Tucunduva<\/em>, um romance hist\u00f3rico-geneal\u00f3gico escrito por Sadi Camera, que conta a saga de nossos antepassados, pioneiros, colonos cheios de esperan\u00e7a, Sadi nos relata que na It\u00e1lia os agrupamentos familiares viviam com dificuldades, com pouca terra, sofrendo com o tormento das guerras, sem um futuro promissor. Com o crescimento das fam\u00edlias, sonharam com novas oportunidades de trabalho e um lugar.<\/p>\n\n\n\n<p>Quando surgiu a oportunidade de migrar para o Brasil, organizaram-se. Unidos, juntaram tudo e todos que puderam e partiram em busca deste sonho. A bordo do <em>vapore<\/em> La Sofia, muitos chegaram na M\u00e9rica. O sonho se realizou no sul da Am\u00e9rica.<\/p>\n\n\n\n<p><em>M\u00e9rica, m\u00e9rica, m\u00e9rica<\/em> cantavam migrantes italianos ao romper de um dia de <em>lavoro<\/em>. Cem anos depois de cruzar as invernadas pelos caminhos do noroeste riograndense, seus descendentes lavram as terras com o mesmo cuidado de um belo <em>mazzolino di fior<\/em>.<\/p>\n\n\n\n<p>Assim como na It\u00e1lia, os imigrantes que se estabeleceram na regi\u00e3o de Bento Gon\u00e7alves encontraram um clima favor\u00e1vel para o plantio de parreirais. Anos mais tarde, as fam\u00edlias cresceram e as terras tornaram-se escassas. Era necess\u00e1rio rumar para o oeste.<\/p>\n\n\n\n<p><a><\/a>Das col\u00f4nias agr\u00edcolas de Bento Gon\u00e7alves o trem trouxe as fam\u00edlias pioneiras at\u00e9 Santo \u00c2ngelo. Dali, foi necess\u00e1rio abrir picadas at\u00e9 a Col\u00f4nia 14 de Julho, para ent\u00e3o cruzar o Rio Santa Rosa e chegar em Bela Harmonia.&nbsp;<\/p>\n\n\n\n<p>No mesmo ch\u00e3o do Jo\u00e3o, o Jo\u00e3o Tucunduva, os imigrantes desbravaram terras planas, belos rios, matas, formaram col\u00f4nias e prosperaram. Gra\u00e7as ao trabalho, o <em>sforzo<\/em> e a dedica\u00e7\u00e3o dos bravos colonizadores italianos que, seguidos de alem\u00e3es, poloneses e pessoas de outras nacionalidades cultivaram as sementes pioneiras, legando \u00e0s novas gera\u00e7\u00f5es o registro de sua mem\u00f3ria, <em>paesi e citt\u00e0<\/em>.<\/p>\n\n\n\n<p>Assim floresceu Tucunduva, como um belo <em>mazzolino di fior<\/em>.<\/p>\n\n\n\n<p>Tucunduva, 9 de setembro de 2020.<\/p>\n\n\n\n<p>Assinam o documento,<\/p>\n\n\n\n<p><em>Renato Pereira e Tanize Tomasi<\/em><\/p>\n","protected":false},"excerpt":{"rendered":"<p>O Grupo de Trabalho da Academia de Letras do Noroeste do Rio Grande do Sul (Alenrio) homenageia Tucunduva-RS na data da emancipa\u00e7\u00e3o pol\u00edtica e, ao mesmo tempo, comemora o ano do centen\u00e1rio da imigra\u00e7\u00e3o.<\/p>\n","protected":false},"author":1,"featured_media":686,"comment_status":"closed","ping_status":"open","sticky":false,"template":"","format":"standard","meta":{"_eb_attr":"","footnotes":""},"categories":[5],"tags":[],"class_list":["post-685","post","type-post","status-publish","format-standard","has-post-thumbnail","hentry","category-bid"],"_links":{"self":[{"href":"https:\/\/alenrio.org.br\/site\/wp-json\/wp\/v2\/posts\/685","targetHints":{"allow":["GET"]}}],"collection":[{"href":"https:\/\/alenrio.org.br\/site\/wp-json\/wp\/v2\/posts"}],"about":[{"href":"https:\/\/alenrio.org.br\/site\/wp-json\/wp\/v2\/types\/post"}],"author":[{"embeddable":true,"href":"https:\/\/alenrio.org.br\/site\/wp-json\/wp\/v2\/users\/1"}],"replies":[{"embeddable":true,"href":"https:\/\/alenrio.org.br\/site\/wp-json\/wp\/v2\/comments?post=685"}],"version-history":[{"count":2,"href":"https:\/\/alenrio.org.br\/site\/wp-json\/wp\/v2\/posts\/685\/revisions"}],"predecessor-version":[{"id":689,"href":"https:\/\/alenrio.org.br\/site\/wp-json\/wp\/v2\/posts\/685\/revisions\/689"}],"wp:featuredmedia":[{"embeddable":true,"href":"https:\/\/alenrio.org.br\/site\/wp-json\/wp\/v2\/media\/686"}],"wp:attachment":[{"href":"https:\/\/alenrio.org.br\/site\/wp-json\/wp\/v2\/media?parent=685"}],"wp:term":[{"taxonomy":"category","embeddable":true,"href":"https:\/\/alenrio.org.br\/site\/wp-json\/wp\/v2\/categories?post=685"},{"taxonomy":"post_tag","embeddable":true,"href":"https:\/\/alenrio.org.br\/site\/wp-json\/wp\/v2\/tags?post=685"}],"curies":[{"name":"wp","href":"https:\/\/api.w.org\/{rel}","templated":true}]}}