{"id":690,"date":"2022-12-28T22:10:00","date_gmt":"2022-12-29T01:10:00","guid":{"rendered":"https:\/\/alenrio.org.br\/site\/?p=690"},"modified":"2024-10-13T23:13:57","modified_gmt":"2024-10-14T02:13:57","slug":"anatolio-gach-e-empossado-como-o-primeiro-membro-honorario-da-alenrio","status":"publish","type":"post","link":"https:\/\/alenrio.org.br\/site\/anatolio-gach-e-empossado-como-o-primeiro-membro-honorario-da-alenrio\/","title":{"rendered":"Anat\u00f3lio Gach \u00e9 empossado como o primeiro membro honor\u00e1rio da Alenrio"},"content":{"rendered":"\n<p><em>Cerim\u00f4nia de posse e document\u00e1rio ser\u00e3o exibidos pelos canais de comunica\u00e7\u00e3o da Academia<\/em><\/p>\n\n\n\n<!--more-->\n\n\n\n<p>No dia 28 de dezembro, \u00e0s 19h, a Academia de Letras do Noroeste do Rio Grande do Sul (Alenrio) transmitiu a Cerim\u00f4nia de Posse de Anat\u00f3lio Gach como seu primeiro membro honor\u00e1rio. Natural de Novo Machado, Gach, de 83 anos, \u00e9 uma figura importante na difus\u00e3o da L\u00edngua Portuguesa na R\u00fassia, onde reside atualmente e foi um dos fundadores da c\u00e1tedra de L\u00edngua Portuguesa na Universidade de S\u00e3o Petersburgo.<\/p>\n\n\n\n<p>A hist\u00f3ria do professor em\u00e9rito foi contada no document\u00e1rio <strong>&#8220;Do Povoado Pratos a S\u00e3o Petersburgo: Mem\u00f3ria e Hist\u00f3ria de Anat\u00f3lio Gach&#8221;<\/strong>, dirigido pela jornalista Rejane Fiepke Carpenedo. O filme, fruto de extensa pesquisa realizada pelo grupo de trabalho da Alenrio, busca resgatar as mem\u00f3rias de Anat\u00f3lio no noroeste ga\u00facho e tra\u00e7ar seu impacto acad\u00eamico no Leste Europeu.<\/p>\n\n\n\n<p><strong>QUEM \u00c9 ANAT\u00d3LIO GACH<\/strong><\/p>\n\n\n\n<p>Filho de imigrantes, Anat\u00f3lio Gach nasceu em 18 de setembro de 1937, no Povoado Pratos, hoje Distrito de Novo Machado-RS. Aos 15 anos, mudou-se com a fam\u00edlia para o Leste Europeu. Gach formou-se na Universidade de S\u00e3o Petersburgo e, em 1961, foi um dos respons\u00e1veis pela cria\u00e7\u00e3o do primeiro Departamento de L\u00edngua Portuguesa na R\u00fassia, ampliando o ensino da l\u00edngua em todo o Leste Europeu.<\/p>\n\n\n\n<p>Anat\u00f3lio, mesmo residindo na R\u00fassia, mant\u00e9m contato frequente com a Alenrio e recorda com carinho sua terra natal, o Povoado Pratos, onde cresceu aprendendo a pescar, ca\u00e7ar, andar a cavalo e tomar chimarr\u00e3o. Aos 83 anos, sua trajet\u00f3ria se destaca como um elo cultural e lingu\u00edstico entre Brasil e R\u00fassia.<\/p>\n\n\n\n<p>Al\u00e9m disso, a biografia do professor Anat\u00f3lio Gach ser\u00e1 inclu\u00edda na Wikipedia por meio de um verbete. Para mais detalhes, acesse o link: <a href=\"https:\/\/pt.wikipedia.org\/wiki\/Anatoly_Mikhailovich_Gakh\">Anatoly Mikhailovich Gakh &#8211; Wikipedia<\/a>.<\/p>\n","protected":false},"excerpt":{"rendered":"<p>Cerim\u00f4nia de posse e document\u00e1rio ser\u00e3o exibidos pelos canais de comunica\u00e7\u00e3o da Academia<\/p>\n","protected":false},"author":1,"featured_media":691,"comment_status":"closed","ping_status":"open","sticky":false,"template":"","format":"standard","meta":{"_eb_attr":"","footnotes":""},"categories":[5],"tags":[],"class_list":["post-690","post","type-post","status-publish","format-standard","has-post-thumbnail","hentry","category-bid"],"_links":{"self":[{"href":"https:\/\/alenrio.org.br\/site\/wp-json\/wp\/v2\/posts\/690","targetHints":{"allow":["GET"]}}],"collection":[{"href":"https:\/\/alenrio.org.br\/site\/wp-json\/wp\/v2\/posts"}],"about":[{"href":"https:\/\/alenrio.org.br\/site\/wp-json\/wp\/v2\/types\/post"}],"author":[{"embeddable":true,"href":"https:\/\/alenrio.org.br\/site\/wp-json\/wp\/v2\/users\/1"}],"replies":[{"embeddable":true,"href":"https:\/\/alenrio.org.br\/site\/wp-json\/wp\/v2\/comments?post=690"}],"version-history":[{"count":3,"href":"https:\/\/alenrio.org.br\/site\/wp-json\/wp\/v2\/posts\/690\/revisions"}],"predecessor-version":[{"id":794,"href":"https:\/\/alenrio.org.br\/site\/wp-json\/wp\/v2\/posts\/690\/revisions\/794"}],"wp:featuredmedia":[{"embeddable":true,"href":"https:\/\/alenrio.org.br\/site\/wp-json\/wp\/v2\/media\/691"}],"wp:attachment":[{"href":"https:\/\/alenrio.org.br\/site\/wp-json\/wp\/v2\/media?parent=690"}],"wp:term":[{"taxonomy":"category","embeddable":true,"href":"https:\/\/alenrio.org.br\/site\/wp-json\/wp\/v2\/categories?post=690"},{"taxonomy":"post_tag","embeddable":true,"href":"https:\/\/alenrio.org.br\/site\/wp-json\/wp\/v2\/tags?post=690"}],"curies":[{"name":"wp","href":"https:\/\/api.w.org\/{rel}","templated":true}]}}