{"id":70,"date":"2023-11-15T22:39:00","date_gmt":"2023-11-16T01:39:00","guid":{"rendered":"http:\/\/alenrio.org.br\/site\/?p=70"},"modified":"2024-09-24T21:52:09","modified_gmt":"2024-09-25T00:52:09","slug":"biblioteca-publica-de-tucunduva-sera-a-nova-sede-da-alenrio","status":"publish","type":"post","link":"https:\/\/alenrio.org.br\/site\/biblioteca-publica-de-tucunduva-sera-a-nova-sede-da-alenrio\/","title":{"rendered":"Biblioteca P\u00fablica de Tucunduva ser\u00e1 a nova sede da Alenrio"},"content":{"rendered":"\n<p><em>Projeto de Lei do Executivo foi aprovado por unanimidade na C\u00e2mara de Vereadores<\/em><\/p>\n\n\n\n<p>No \u00faltimo dia 14 de novembro foi aprovado por unanimidade na C\u00e2mara de Vereadores do munic\u00edpio de Tucunduva, o Projeto de Lei n\u00ba 44, de 30 de outubro de 2023, que autoriza o poder executivo municipal a conceder permiss\u00e3o de uso da Biblioteca P\u00fablica Municipal Olavo Bilac, para a Academia de Letras do Noroeste do Rio Grande do Sul \u2013 Alenrio, para o per\u00edodo de cinco anos.<\/p>\n\n\n\n<p>\u201cEste \u00e9 um resultado da articula\u00e7\u00e3o da diretoria com a prefeitura de Tucunduva que iniciou em 2021 e frutificou nesta linda parceria. Ao mesmo tempo, trabalhamos para qualificar a pol\u00edtica cultural, especialmente no segmento do livro, literatura, leitura e bibliotecas, em Tucunduva e nos munic\u00edpios onde a Alenrio possui membros\u201d, comunica o professor Renato Pereira, presidente da Alenrio.<\/p>\n\n\n\n<p>A entidade possui acervo pr\u00f3prio, na Biblioteca Professor Daniel Scheid, de livros selecionados, catalogados e preparados para empr\u00e9stimos aos acad\u00eamicos. Em breve, as obras poder\u00e3o ser disponibilizadas para consulta da comunidade.<\/p>\n\n\n\n<p>A Alenrio apresentou-se com a miss\u00e3o de cultivar, preservar e divulgar a literatura regional, pela reuni\u00e3o de escritores dos mais variados munic\u00edpios da regi\u00e3o noroeste do Rio Grande do Sul. \u201cEste ato \u00e9 muito significativo, j\u00e1 que a primeira reuni\u00e3o para a instala\u00e7\u00e3o da Academia ocorreu na Biblioteca de Tucunduva\u201d, complementa a escritora tucunduvense Tanize Tomasi, vice-presidente da entidade.<\/p>\n\n\n\n<p>O munic\u00edpio de Novo Machado tamb\u00e9m possui uma sede f\u00edsica da academia junto a Casa do Artes\u00e3o.<\/p>\n","protected":false},"excerpt":{"rendered":"<p>Projeto de Lei do Executivo foi aprovado por unanimidade na C\u00e2mara de Vereadores No \u00faltimo dia 14 de novembro foi aprovado por unanimidade na C\u00e2mara de Vereadores do munic\u00edpio de Tucunduva, o Projeto de Lei n\u00ba 44, de 30 de outubro de 2023, que autoriza o poder executivo municipal a conceder permiss\u00e3o de uso da [&hellip;]<\/p>\n","protected":false},"author":1,"featured_media":681,"comment_status":"closed","ping_status":"closed","sticky":false,"template":"","format":"standard","meta":{"_eb_attr":"","footnotes":""},"categories":[5],"tags":[],"class_list":["post-70","post","type-post","status-publish","format-standard","has-post-thumbnail","hentry","category-bid"],"_links":{"self":[{"href":"https:\/\/alenrio.org.br\/site\/wp-json\/wp\/v2\/posts\/70","targetHints":{"allow":["GET"]}}],"collection":[{"href":"https:\/\/alenrio.org.br\/site\/wp-json\/wp\/v2\/posts"}],"about":[{"href":"https:\/\/alenrio.org.br\/site\/wp-json\/wp\/v2\/types\/post"}],"author":[{"embeddable":true,"href":"https:\/\/alenrio.org.br\/site\/wp-json\/wp\/v2\/users\/1"}],"replies":[{"embeddable":true,"href":"https:\/\/alenrio.org.br\/site\/wp-json\/wp\/v2\/comments?post=70"}],"version-history":[{"count":1,"href":"https:\/\/alenrio.org.br\/site\/wp-json\/wp\/v2\/posts\/70\/revisions"}],"predecessor-version":[{"id":72,"href":"https:\/\/alenrio.org.br\/site\/wp-json\/wp\/v2\/posts\/70\/revisions\/72"}],"wp:featuredmedia":[{"embeddable":true,"href":"https:\/\/alenrio.org.br\/site\/wp-json\/wp\/v2\/media\/681"}],"wp:attachment":[{"href":"https:\/\/alenrio.org.br\/site\/wp-json\/wp\/v2\/media?parent=70"}],"wp:term":[{"taxonomy":"category","embeddable":true,"href":"https:\/\/alenrio.org.br\/site\/wp-json\/wp\/v2\/categories?post=70"},{"taxonomy":"post_tag","embeddable":true,"href":"https:\/\/alenrio.org.br\/site\/wp-json\/wp\/v2\/tags?post=70"}],"curies":[{"name":"wp","href":"https:\/\/api.w.org\/{rel}","templated":true}]}}