{"id":705,"date":"2024-09-25T14:08:53","date_gmt":"2024-09-25T17:08:53","guid":{"rendered":"https:\/\/alenrio.org.br\/site\/?p=705"},"modified":"2024-10-13T23:08:43","modified_gmt":"2024-10-14T02:08:43","slug":"alenrio-lanca-novo-portal-institucional-para-promover-suas-acoes-e-academicos","status":"publish","type":"post","link":"https:\/\/alenrio.org.br\/site\/alenrio-lanca-novo-portal-institucional-para-promover-suas-acoes-e-academicos\/","title":{"rendered":"Novo portal institucional promover\u00e1 a\u00e7\u00f5es e projetos da Academia"},"content":{"rendered":"\n<p><em>Plataforma oferece navega\u00e7\u00e3o simplificada e acesso direto \u00e0s principais informa\u00e7\u00f5es da Academia<\/em><\/p>\n\n\n\n<!--more-->\n\n\n\n<p>Nesta quarta-feira (25), a Academia de Letras do Noroeste do Rio Grande do Sul (Alenrio) inaugura seu novo Portal Institucional. A p\u00e1gina oferece acesso facilitado a informa\u00e7\u00f5es como biografias de acad\u00eamicos e patronos, al\u00e9m de conte\u00fado atualizado sobre a atua\u00e7\u00e3o da institui\u00e7\u00e3o. \u201cQueremos ampliar nossa comunica\u00e7\u00e3o com a popula\u00e7\u00e3o da regi\u00e3o e promover o reconhecimento de nossos escritores em n\u00edvel nacional\u201d, afirmou o presidente da Alenrio, professor Renato Pereira.<\/p>\n\n\n\n<p>O site, dispon\u00edvel em <a href=\"https:\/\/alenrio.org.br\">https:\/\/alenrio.org.br<\/a>, re\u00fane tamb\u00e9m informa\u00e7\u00f5es sobre a estrutura da Alenrio, suas a\u00e7\u00f5es no Boletim Informativo Digital (BID), e not\u00edcias sobre projetos e eventos da Academia. A plataforma ser\u00e1 atualizada regularmente para incluir pesquisas em andamento, parcerias e iniciativas junto \u00e0 sociedade.<\/p>\n","protected":false},"excerpt":{"rendered":"<p>Plataforma oferece navega\u00e7\u00e3o simplificada e acesso direto \u00e0s principais informa\u00e7\u00f5es da Academia<\/p>\n","protected":false},"author":1,"featured_media":706,"comment_status":"closed","ping_status":"open","sticky":false,"template":"","format":"standard","meta":{"_eb_attr":"","footnotes":""},"categories":[5],"tags":[],"class_list":["post-705","post","type-post","status-publish","format-standard","has-post-thumbnail","hentry","category-bid"],"_links":{"self":[{"href":"https:\/\/alenrio.org.br\/site\/wp-json\/wp\/v2\/posts\/705","targetHints":{"allow":["GET"]}}],"collection":[{"href":"https:\/\/alenrio.org.br\/site\/wp-json\/wp\/v2\/posts"}],"about":[{"href":"https:\/\/alenrio.org.br\/site\/wp-json\/wp\/v2\/types\/post"}],"author":[{"embeddable":true,"href":"https:\/\/alenrio.org.br\/site\/wp-json\/wp\/v2\/users\/1"}],"replies":[{"embeddable":true,"href":"https:\/\/alenrio.org.br\/site\/wp-json\/wp\/v2\/comments?post=705"}],"version-history":[{"count":2,"href":"https:\/\/alenrio.org.br\/site\/wp-json\/wp\/v2\/posts\/705\/revisions"}],"predecessor-version":[{"id":789,"href":"https:\/\/alenrio.org.br\/site\/wp-json\/wp\/v2\/posts\/705\/revisions\/789"}],"wp:featuredmedia":[{"embeddable":true,"href":"https:\/\/alenrio.org.br\/site\/wp-json\/wp\/v2\/media\/706"}],"wp:attachment":[{"href":"https:\/\/alenrio.org.br\/site\/wp-json\/wp\/v2\/media?parent=705"}],"wp:term":[{"taxonomy":"category","embeddable":true,"href":"https:\/\/alenrio.org.br\/site\/wp-json\/wp\/v2\/categories?post=705"},{"taxonomy":"post_tag","embeddable":true,"href":"https:\/\/alenrio.org.br\/site\/wp-json\/wp\/v2\/tags?post=705"}],"curies":[{"name":"wp","href":"https:\/\/api.w.org\/{rel}","templated":true}]}}