{"id":727,"date":"2024-10-04T14:56:02","date_gmt":"2024-10-04T17:56:02","guid":{"rendered":"https:\/\/alenrio.org.br\/site\/?p=727"},"modified":"2024-10-04T14:56:35","modified_gmt":"2024-10-04T17:56:35","slug":"alcg-inaugura-bosque-de-escritores-em-campus-universitario-no-parana","status":"publish","type":"post","link":"https:\/\/alenrio.org.br\/site\/alcg-inaugura-bosque-de-escritores-em-campus-universitario-no-parana\/","title":{"rendered":"ALCG inaugura Bosque de Escritores em campus universit\u00e1rio no Paran\u00e1"},"content":{"rendered":"\n<p><em>Espa\u00e7o ser\u00e1 dedicado \u00e0 valoriza\u00e7\u00e3o da literatura e preserva\u00e7\u00e3o ambiental<\/em><\/p>\n\n\n\n<!--more-->\n\n\n\n<p>Recebemos no \u00faltimo dia 2 de outubro o convite da presidente da Academia de Letras dos Campos Gerais (ALCG), Professora Neuza Mansani, para prestigiar a inaugura\u00e7\u00e3o do Bosque dos Escritores, um projeto desenvolvido em parceria com a Universidade Estadual de Ponta Grossa (UEPG). O evento ser\u00e1 realizado no dia 11 de outubro, \u00e0s 9h, na \u00e1rea verde situada entre a rotat\u00f3ria e o viaduto do Campus Uvaranas, em Ponta Grossa, Paran\u00e1.<\/p>\n\n\n\n<p>O Bosque dos Escritores \u00e9 uma iniciativa que busca integrar a literatura com o meio ambiente, criando um espa\u00e7o de reflex\u00e3o e inspira\u00e7\u00e3o liter\u00e1ria. A proposta \u00e9 que o local se torne um ponto de encontro para escritores, estudantes e a comunidade, al\u00e9m de um s\u00edmbolo de valoriza\u00e7\u00e3o cultural e ecol\u00f3gica.<\/p>\n\n\n\n<p>Em setembro de 2023, a Alenrio, institui\u00e7\u00e3o liter\u00e1ria sediada em Tucunduva, na Regi\u00e3o Noroeste do Rio Grande do Sul, e a Academia de Letras dos Campos Gerais deram in\u00edcio a um processo de aproxima\u00e7\u00e3o, por meio de um encontro on-line. Segundo a professora Neuza Mansani, essa parceria &#8220;promete gerar frutos \u00e0s pencas&#8221;, evidenciando o interesse em fortalecer os la\u00e7os e promover a\u00e7\u00f5es conjuntas entre as academias.<\/p>\n\n\n\n<p>&#8220;Os acad\u00eamicos da Alenrio est\u00e3o muito felizes com esta sinergia entre as academias-irm\u00e3s, Alenrio e ALCG&#8221;, ressalta o professor Renato Pereira, Presidente da Alenrio.<\/p>\n\n\n\n<p>A cerim\u00f4nia contar\u00e1 com a presen\u00e7a de membros da ALCG, representantes da UEPG e autoridades dos Campos Gerais, consolidando este marco de integra\u00e7\u00e3o liter\u00e1ria e ambiental.<\/p>\n\n\n\n<p><strong>Galeria<\/strong><\/p>\n\n\n\n<figure class=\"wp-block-gallery has-nested-images columns-default is-cropped wp-block-gallery-1 is-layout-flex wp-block-gallery-is-layout-flex\">\n<figure data-wp-context=\"{&quot;imageId&quot;:&quot;69f0a1403cd6d&quot;}\" data-wp-interactive=\"core\/image\" data-wp-key=\"69f0a1403cd6d\" class=\"wp-block-image size-large wp-lightbox-container\"><img  title=\"\" loading=\"lazy\" decoding=\"async\" width=\"1024\" height=\"786\" data-wp-class--hide=\"state.isContentHidden\" data-wp-class--show=\"state.isContentVisible\" data-wp-init=\"callbacks.setButtonStyles\" data-wp-on--click=\"actions.showLightbox\" data-wp-on--load=\"callbacks.setButtonStyles\" data-wp-on-window--resize=\"callbacks.setButtonStyles\" data-id=\"729\" data-src=\"https:\/\/alenrio.org.br\/site\/wp-content\/uploads\/2024\/10\/WhatsApp-Image-2023-11-09-at-20.40.39-1024x786.jpeg\"  alt=\"WhatsApp-Image-2023-11-09-at-20.40.39-1024x786 ALCG inaugura Bosque de Escritores em campus universit\u00e1rio no Paran\u00e1\"  class=\"wp-image-729 lazyload\" data-srcset=\"https:\/\/alenrio.org.br\/site\/wp-content\/uploads\/2024\/10\/WhatsApp-Image-2023-11-09-at-20.40.39-1024x786.jpeg 1024w, https:\/\/alenrio.org.br\/site\/wp-content\/uploads\/2024\/10\/WhatsApp-Image-2023-11-09-at-20.40.39-300x230.jpeg 300w, https:\/\/alenrio.org.br\/site\/wp-content\/uploads\/2024\/10\/WhatsApp-Image-2023-11-09-at-20.40.39-768x589.jpeg 768w, https:\/\/alenrio.org.br\/site\/wp-content\/uploads\/2024\/10\/WhatsApp-Image-2023-11-09-at-20.40.39-78x60.jpeg 78w, https:\/\/alenrio.org.br\/site\/wp-content\/uploads\/2024\/10\/WhatsApp-Image-2023-11-09-at-20.40.39.jpeg 1036w\" data-sizes=\"auto, (max-width: 1024px) 100vw, 1024px\" src=\"data:image\/gif;base64,R0lGODlhAQABAAAAACH5BAEKAAEALAAAAAABAAEAAAICTAEAOw==\" style=\"--smush-placeholder-width: 1024px; --smush-placeholder-aspect-ratio: 1024\/786;\" \/><noscript><img  title=\"\" loading=\"lazy\" decoding=\"async\" width=\"1024\" height=\"786\" data-wp-class--hide=\"state.isContentHidden\" data-wp-class--show=\"state.isContentVisible\" data-wp-init=\"callbacks.setButtonStyles\" data-wp-on--click=\"actions.showLightbox\" data-wp-on--load=\"callbacks.setButtonStyles\" data-wp-on-window--resize=\"callbacks.setButtonStyles\" data-id=\"729\" src=\"https:\/\/alenrio.org.br\/site\/wp-content\/uploads\/2024\/10\/WhatsApp-Image-2023-11-09-at-20.40.39-1024x786.jpeg\"  alt=\"WhatsApp-Image-2023-11-09-at-20.40.39-1024x786 ALCG inaugura Bosque de Escritores em campus universit\u00e1rio no Paran\u00e1\"  class=\"wp-image-729\" srcset=\"https:\/\/alenrio.org.br\/site\/wp-content\/uploads\/2024\/10\/WhatsApp-Image-2023-11-09-at-20.40.39-1024x786.jpeg 1024w, https:\/\/alenrio.org.br\/site\/wp-content\/uploads\/2024\/10\/WhatsApp-Image-2023-11-09-at-20.40.39-300x230.jpeg 300w, https:\/\/alenrio.org.br\/site\/wp-content\/uploads\/2024\/10\/WhatsApp-Image-2023-11-09-at-20.40.39-768x589.jpeg 768w, https:\/\/alenrio.org.br\/site\/wp-content\/uploads\/2024\/10\/WhatsApp-Image-2023-11-09-at-20.40.39-78x60.jpeg 78w, https:\/\/alenrio.org.br\/site\/wp-content\/uploads\/2024\/10\/WhatsApp-Image-2023-11-09-at-20.40.39.jpeg 1036w\" sizes=\"auto, (max-width: 1024px) 100vw, 1024px\" \/><\/noscript><button\n\t\t\tclass=\"lightbox-trigger\"\n\t\t\ttype=\"button\"\n\t\t\taria-haspopup=\"dialog\"\n\t\t\taria-label=\"Ampliar\"\n\t\t\tdata-wp-init=\"callbacks.initTriggerButton\"\n\t\t\tdata-wp-on--click=\"actions.showLightbox\"\n\t\t\tdata-wp-style--right=\"state.imageButtonRight\"\n\t\t\tdata-wp-style--top=\"state.imageButtonTop\"\n\t\t>\n\t\t\t<svg xmlns=\"http:\/\/www.w3.org\/2000\/svg\" width=\"12\" height=\"12\" fill=\"none\" viewBox=\"0 0 12 12\">\n\t\t\t\t<path fill=\"#fff\" d=\"M2 0a2 2 0 0 0-2 2v2h1.5V2a.5.5 0 0 1 .5-.5h2V0H2Zm2 10.5H2a.5.5 0 0 1-.5-.5V8H0v2a2 2 0 0 0 2 2h2v-1.5ZM8 12v-1.5h2a.5.5 0 0 0 .5-.5V8H12v2a2 2 0 0 1-2 2H8Zm2-12a2 2 0 0 1 2 2v2h-1.5V2a.5.5 0 0 0-.5-.5H8V0h2Z\" \/>\n\t\t\t<\/svg>\n\t\t<\/button><figcaption class=\"wp-element-caption\">Reuni\u00e3o Alenrio-ALCG realizada em 9 de novembro de 2023<\/figcaption><\/figure>\n\n\n\n<figure data-wp-context=\"{&quot;imageId&quot;:&quot;69f0a1403e0db&quot;}\" data-wp-interactive=\"core\/image\" data-wp-key=\"69f0a1403e0db\" class=\"wp-block-image size-large wp-lightbox-container\"><img  title=\"\" loading=\"lazy\" decoding=\"async\" width=\"1024\" height=\"512\" data-wp-class--hide=\"state.isContentHidden\" data-wp-class--show=\"state.isContentVisible\" data-wp-init=\"callbacks.setButtonStyles\" data-wp-on--click=\"actions.showLightbox\" data-wp-on--load=\"callbacks.setButtonStyles\" data-wp-on-window--resize=\"callbacks.setButtonStyles\" data-id=\"728\" data-src=\"https:\/\/alenrio.org.br\/site\/wp-content\/uploads\/2024\/10\/241002-CONVITE-ALCG-BOSQUE-DOS-ESCRITORES-1024x512.jpg\"  alt=\"241002-CONVITE-ALCG-BOSQUE-DOS-ESCRITORES-1024x512 ALCG inaugura Bosque de Escritores em campus universit\u00e1rio no Paran\u00e1\"  class=\"wp-image-728 lazyload\" data-srcset=\"https:\/\/alenrio.org.br\/site\/wp-content\/uploads\/2024\/10\/241002-CONVITE-ALCG-BOSQUE-DOS-ESCRITORES-1024x512.jpg 1024w, https:\/\/alenrio.org.br\/site\/wp-content\/uploads\/2024\/10\/241002-CONVITE-ALCG-BOSQUE-DOS-ESCRITORES-300x150.jpg 300w, https:\/\/alenrio.org.br\/site\/wp-content\/uploads\/2024\/10\/241002-CONVITE-ALCG-BOSQUE-DOS-ESCRITORES-768x384.jpg 768w, https:\/\/alenrio.org.br\/site\/wp-content\/uploads\/2024\/10\/241002-CONVITE-ALCG-BOSQUE-DOS-ESCRITORES-1536x768.jpg 1536w, https:\/\/alenrio.org.br\/site\/wp-content\/uploads\/2024\/10\/241002-CONVITE-ALCG-BOSQUE-DOS-ESCRITORES-120x60.jpg 120w, https:\/\/alenrio.org.br\/site\/wp-content\/uploads\/2024\/10\/241002-CONVITE-ALCG-BOSQUE-DOS-ESCRITORES.jpg 1600w\" data-sizes=\"auto, (max-width: 1024px) 100vw, 1024px\" src=\"data:image\/gif;base64,R0lGODlhAQABAAAAACH5BAEKAAEALAAAAAABAAEAAAICTAEAOw==\" style=\"--smush-placeholder-width: 1024px; --smush-placeholder-aspect-ratio: 1024\/512;\" \/><noscript><img  title=\"\" loading=\"lazy\" decoding=\"async\" width=\"1024\" height=\"512\" data-wp-class--hide=\"state.isContentHidden\" data-wp-class--show=\"state.isContentVisible\" data-wp-init=\"callbacks.setButtonStyles\" data-wp-on--click=\"actions.showLightbox\" data-wp-on--load=\"callbacks.setButtonStyles\" data-wp-on-window--resize=\"callbacks.setButtonStyles\" data-id=\"728\" src=\"https:\/\/alenrio.org.br\/site\/wp-content\/uploads\/2024\/10\/241002-CONVITE-ALCG-BOSQUE-DOS-ESCRITORES-1024x512.jpg\"  alt=\"241002-CONVITE-ALCG-BOSQUE-DOS-ESCRITORES-1024x512 ALCG inaugura Bosque de Escritores em campus universit\u00e1rio no Paran\u00e1\"  class=\"wp-image-728\" srcset=\"https:\/\/alenrio.org.br\/site\/wp-content\/uploads\/2024\/10\/241002-CONVITE-ALCG-BOSQUE-DOS-ESCRITORES-1024x512.jpg 1024w, https:\/\/alenrio.org.br\/site\/wp-content\/uploads\/2024\/10\/241002-CONVITE-ALCG-BOSQUE-DOS-ESCRITORES-300x150.jpg 300w, https:\/\/alenrio.org.br\/site\/wp-content\/uploads\/2024\/10\/241002-CONVITE-ALCG-BOSQUE-DOS-ESCRITORES-768x384.jpg 768w, https:\/\/alenrio.org.br\/site\/wp-content\/uploads\/2024\/10\/241002-CONVITE-ALCG-BOSQUE-DOS-ESCRITORES-1536x768.jpg 1536w, https:\/\/alenrio.org.br\/site\/wp-content\/uploads\/2024\/10\/241002-CONVITE-ALCG-BOSQUE-DOS-ESCRITORES-120x60.jpg 120w, https:\/\/alenrio.org.br\/site\/wp-content\/uploads\/2024\/10\/241002-CONVITE-ALCG-BOSQUE-DOS-ESCRITORES.jpg 1600w\" sizes=\"auto, (max-width: 1024px) 100vw, 1024px\" \/><\/noscript><button\n\t\t\tclass=\"lightbox-trigger\"\n\t\t\ttype=\"button\"\n\t\t\taria-haspopup=\"dialog\"\n\t\t\taria-label=\"Ampliar\"\n\t\t\tdata-wp-init=\"callbacks.initTriggerButton\"\n\t\t\tdata-wp-on--click=\"actions.showLightbox\"\n\t\t\tdata-wp-style--right=\"state.imageButtonRight\"\n\t\t\tdata-wp-style--top=\"state.imageButtonTop\"\n\t\t>\n\t\t\t<svg xmlns=\"http:\/\/www.w3.org\/2000\/svg\" width=\"12\" height=\"12\" fill=\"none\" viewBox=\"0 0 12 12\">\n\t\t\t\t<path fill=\"#fff\" d=\"M2 0a2 2 0 0 0-2 2v2h1.5V2a.5.5 0 0 1 .5-.5h2V0H2Zm2 10.5H2a.5.5 0 0 1-.5-.5V8H0v2a2 2 0 0 0 2 2h2v-1.5ZM8 12v-1.5h2a.5.5 0 0 0 .5-.5V8H12v2a2 2 0 0 1-2 2H8Zm2-12a2 2 0 0 1 2 2v2h-1.5V2a.5.5 0 0 0-.5-.5H8V0h2Z\" \/>\n\t\t\t<\/svg>\n\t\t<\/button><figcaption class=\"wp-element-caption\">Convite para a inaugura\u00e7\u00e3o do Bosque dos escritores<\/figcaption><\/figure>\n<\/figure>\n\n\n\n<p><\/p>\n","protected":false},"excerpt":{"rendered":"<p>Espa\u00e7o ser\u00e1 dedicado \u00e0 valoriza\u00e7\u00e3o da literatura e preserva\u00e7\u00e3o ambiental<\/p>\n","protected":false},"author":1,"featured_media":729,"comment_status":"closed","ping_status":"open","sticky":false,"template":"","format":"standard","meta":{"_eb_attr":"","footnotes":""},"categories":[5],"tags":[],"class_list":["post-727","post","type-post","status-publish","format-standard","has-post-thumbnail","hentry","category-bid"],"_links":{"self":[{"href":"https:\/\/alenrio.org.br\/site\/wp-json\/wp\/v2\/posts\/727","targetHints":{"allow":["GET"]}}],"collection":[{"href":"https:\/\/alenrio.org.br\/site\/wp-json\/wp\/v2\/posts"}],"about":[{"href":"https:\/\/alenrio.org.br\/site\/wp-json\/wp\/v2\/types\/post"}],"author":[{"embeddable":true,"href":"https:\/\/alenrio.org.br\/site\/wp-json\/wp\/v2\/users\/1"}],"replies":[{"embeddable":true,"href":"https:\/\/alenrio.org.br\/site\/wp-json\/wp\/v2\/comments?post=727"}],"version-history":[{"count":2,"href":"https:\/\/alenrio.org.br\/site\/wp-json\/wp\/v2\/posts\/727\/revisions"}],"predecessor-version":[{"id":731,"href":"https:\/\/alenrio.org.br\/site\/wp-json\/wp\/v2\/posts\/727\/revisions\/731"}],"wp:featuredmedia":[{"embeddable":true,"href":"https:\/\/alenrio.org.br\/site\/wp-json\/wp\/v2\/media\/729"}],"wp:attachment":[{"href":"https:\/\/alenrio.org.br\/site\/wp-json\/wp\/v2\/media?parent=727"}],"wp:term":[{"taxonomy":"category","embeddable":true,"href":"https:\/\/alenrio.org.br\/site\/wp-json\/wp\/v2\/categories?post=727"},{"taxonomy":"post_tag","embeddable":true,"href":"https:\/\/alenrio.org.br\/site\/wp-json\/wp\/v2\/tags?post=727"}],"curies":[{"name":"wp","href":"https:\/\/api.w.org\/{rel}","templated":true}]}}