{"id":73,"date":"2023-08-18T22:47:00","date_gmt":"2023-08-19T01:47:00","guid":{"rendered":"http:\/\/alenrio.org.br\/site\/?p=73"},"modified":"2024-09-16T22:48:59","modified_gmt":"2024-09-17T01:48:59","slug":"alenrio-marca-presenca-na-feira-literaria-de-tres-de-maio","status":"publish","type":"post","link":"https:\/\/alenrio.org.br\/site\/alenrio-marca-presenca-na-feira-literaria-de-tres-de-maio\/","title":{"rendered":"Alenrio marca presen\u00e7a na Feira Liter\u00e1ria de Tr\u00eas de Maio"},"content":{"rendered":"\n<p><em>Acad\u00eamicos desempenharam papel fundamental na culmin\u00e2ncia da Feira Liter\u00e1ria e Cultural<\/em><\/p>\n\n\n\n<!--more-->\n\n\n\n<p>No \u00faltimo dia 12 de agosto, a Academia de Letras do Noroeste do Rio Grande do Sul &#8211; Alenrio, se fez presente na Feira Liter\u00e1ria e Cultural de Tr\u00eas de Maio. Renato Pereira, Tanize Tomasi, Sadi Camera, Nair Carpenedo, Cleci Maria Scheid e Jorge Alexio da Luz, membros titulares da Alenrio, compartilharam informa\u00e7\u00f5es sobre a Academia de Letras com a comunidade de Tr\u00eas de Maio e os escritores locais. A atividade coincidiu com o ponto culminante da feira liter\u00e1ria.<\/p>\n\n\n\n<p>O evento tamb\u00e9m foi marcado pela homenagem a Jorge Alexio da Luz, como escritor homenageado. Enfatizando o engajamento do setor p\u00fablico para a realiza\u00e7\u00e3o da feira como um marco para o setor liter\u00e1rio na regi\u00e3o, Renato Pereira, presidente da Alenrio, ressaltou a import\u00e2ncia de abra\u00e7ar essa iniciativa. \u201cA Alenrio n\u00e3o \u00e9 apenas uma reuni\u00e3o de escritores, pois tem em seu prop\u00f3sito a salvaguarda da literatura regional\u201d, destacou o presidente.<\/p>\n\n\n\n<p>A Alenrio apresentou-se com a miss\u00e3o de cultivar, preservar e divulgar a literatura regional, pela reuni\u00e3o de escritores dos mais variados munic\u00edpios da regi\u00e3o noroeste do Rio Grande do Sul. \u201c\u00c9 preciso encampar esse movimento liter\u00e1rio para debater sobre livro, literatura e leitura\u201d, complementa Tanize Tomasi, vice-presidente da entidade.<\/p>\n\n\n\n<p><strong>Sobre a Alenrio<\/strong><\/p>\n\n\n\n<p>A Academia de Letras do Noroeste do Rio grande do Sul &#8211; Alenrio \u00e9 uma entidade da sociedade civil, sem fins lucrativos, filiada \u00e0 Academia Rio-grandense de Letras que tem como miss\u00e3o cultivar, preservar e divulgar o vern\u00e1culo e a literatura regional, reunindo escritores dos munic\u00edpios da regi\u00e3o noroeste do Rio Grande do Sul. Os acad\u00eamicos s\u00e3o chamados \u201cimortais\u201d e ocupam uma cadeira, seguindo a tradi\u00e7\u00e3o da Academia Francesa, fundada em 1635. O conceito da outorga da \u201cimortalidade\u201d remete-se \u00e0 lembran\u00e7a e \u00e0 valoriza\u00e7\u00e3o permanente do acad\u00eamico no conjunto de escritores da regi\u00e3o.<\/p>\n\n\n\n<p>A Alenrio est\u00e1 com inscri\u00e7\u00f5es abertas para a apresenta\u00e7\u00e3o de candidaturas para o preenchimento da Cadeira n\u00ba 2, que tem como patrono perp\u00e9tuo Martin Grajewski. O edital com os crit\u00e9rios para inscri\u00e7\u00e3o est\u00e1 dispon\u00edvel no site da Alenrio. As inscri\u00e7\u00f5es poder\u00e3o ser realizadas exclusivamente pela internet, at\u00e9 o dia 31 de agosto.<\/p>\n","protected":false},"excerpt":{"rendered":"<p>Acad\u00eamicos desempenharam papel fundamental na culmin\u00e2ncia da Feira Liter\u00e1ria e Cultural<\/p>\n","protected":false},"author":1,"featured_media":74,"comment_status":"closed","ping_status":"open","sticky":false,"template":"","format":"standard","meta":{"_eb_attr":"","footnotes":""},"categories":[5],"tags":[],"class_list":["post-73","post","type-post","status-publish","format-standard","has-post-thumbnail","hentry","category-bid"],"_links":{"self":[{"href":"https:\/\/alenrio.org.br\/site\/wp-json\/wp\/v2\/posts\/73","targetHints":{"allow":["GET"]}}],"collection":[{"href":"https:\/\/alenrio.org.br\/site\/wp-json\/wp\/v2\/posts"}],"about":[{"href":"https:\/\/alenrio.org.br\/site\/wp-json\/wp\/v2\/types\/post"}],"author":[{"embeddable":true,"href":"https:\/\/alenrio.org.br\/site\/wp-json\/wp\/v2\/users\/1"}],"replies":[{"embeddable":true,"href":"https:\/\/alenrio.org.br\/site\/wp-json\/wp\/v2\/comments?post=73"}],"version-history":[{"count":2,"href":"https:\/\/alenrio.org.br\/site\/wp-json\/wp\/v2\/posts\/73\/revisions"}],"predecessor-version":[{"id":76,"href":"https:\/\/alenrio.org.br\/site\/wp-json\/wp\/v2\/posts\/73\/revisions\/76"}],"wp:featuredmedia":[{"embeddable":true,"href":"https:\/\/alenrio.org.br\/site\/wp-json\/wp\/v2\/media\/74"}],"wp:attachment":[{"href":"https:\/\/alenrio.org.br\/site\/wp-json\/wp\/v2\/media?parent=73"}],"wp:term":[{"taxonomy":"category","embeddable":true,"href":"https:\/\/alenrio.org.br\/site\/wp-json\/wp\/v2\/categories?post=73"},{"taxonomy":"post_tag","embeddable":true,"href":"https:\/\/alenrio.org.br\/site\/wp-json\/wp\/v2\/tags?post=73"}],"curies":[{"name":"wp","href":"https:\/\/api.w.org\/{rel}","templated":true}]}}