{"id":767,"date":"2024-10-09T08:37:43","date_gmt":"2024-10-09T11:37:43","guid":{"rendered":"https:\/\/alenrio.org.br\/site\/?p=767"},"modified":"2024-10-09T08:37:44","modified_gmt":"2024-10-09T11:37:44","slug":"alenrio-lamenta-a-morte-de-odilon-gomes-de-oliveira","status":"publish","type":"post","link":"https:\/\/alenrio.org.br\/site\/alenrio-lamenta-a-morte-de-odilon-gomes-de-oliveira\/","title":{"rendered":"Alenrio lamenta a morte de Odilon Gomes de Oliveira"},"content":{"rendered":"\n<p>Escritor foi condecorado como membro honor\u00e1rio da Alenrio<\/p>\n\n\n\n<!--more-->\n\n\n\n<p>Com pesar, a Academia de Letras do Noroeste do Rio Grande do Sul (Alenrio) comunica o falecimento do membro honor\u00e1rio Odilon Gomes de Oliveira no \u00faltimo dia 8 de outubro. Escritor regionalista, Odilon dedicou sua vida a registrar fatos, lendas e \u201ctudo o que achava importante\u201d, como sempre gostava de destacar.<\/p>\n\n\n\n<p>O autor foi nomeado membro honor\u00e1rio da Alenrio em sess\u00e3o solene realizada em 12 de maio de 2023, no munic\u00edpio de Santo Augusto. Na ocasi\u00e3o, emocionado, afirmou: &#8220;como \u00e9 bom ser lembrado quando j\u00e1 n\u00e3o se est\u00e1 mais em evid\u00eancia. A m\u00e1quina n\u00e3o superar\u00e1 o ser humano enquanto houver pessoas conscientes que reconhe\u00e7am o outro&#8221;, discursou.<\/p>\n","protected":false},"excerpt":{"rendered":"<p>Escritor foi condecorado como membro honor\u00e1rio da Alenrio<\/p>\n","protected":false},"author":1,"featured_media":768,"comment_status":"closed","ping_status":"open","sticky":false,"template":"","format":"standard","meta":{"_eb_attr":"","footnotes":""},"categories":[5],"tags":[],"class_list":["post-767","post","type-post","status-publish","format-standard","has-post-thumbnail","hentry","category-bid"],"_links":{"self":[{"href":"https:\/\/alenrio.org.br\/site\/wp-json\/wp\/v2\/posts\/767","targetHints":{"allow":["GET"]}}],"collection":[{"href":"https:\/\/alenrio.org.br\/site\/wp-json\/wp\/v2\/posts"}],"about":[{"href":"https:\/\/alenrio.org.br\/site\/wp-json\/wp\/v2\/types\/post"}],"author":[{"embeddable":true,"href":"https:\/\/alenrio.org.br\/site\/wp-json\/wp\/v2\/users\/1"}],"replies":[{"embeddable":true,"href":"https:\/\/alenrio.org.br\/site\/wp-json\/wp\/v2\/comments?post=767"}],"version-history":[{"count":2,"href":"https:\/\/alenrio.org.br\/site\/wp-json\/wp\/v2\/posts\/767\/revisions"}],"predecessor-version":[{"id":770,"href":"https:\/\/alenrio.org.br\/site\/wp-json\/wp\/v2\/posts\/767\/revisions\/770"}],"wp:featuredmedia":[{"embeddable":true,"href":"https:\/\/alenrio.org.br\/site\/wp-json\/wp\/v2\/media\/768"}],"wp:attachment":[{"href":"https:\/\/alenrio.org.br\/site\/wp-json\/wp\/v2\/media?parent=767"}],"wp:term":[{"taxonomy":"category","embeddable":true,"href":"https:\/\/alenrio.org.br\/site\/wp-json\/wp\/v2\/categories?post=767"},{"taxonomy":"post_tag","embeddable":true,"href":"https:\/\/alenrio.org.br\/site\/wp-json\/wp\/v2\/tags?post=767"}],"curies":[{"name":"wp","href":"https:\/\/api.w.org\/{rel}","templated":true}]}}