{"id":778,"date":"2024-10-12T07:23:02","date_gmt":"2024-10-12T10:23:02","guid":{"rendered":"https:\/\/alenrio.org.br\/site\/?p=778"},"modified":"2024-10-12T07:23:03","modified_gmt":"2024-10-12T10:23:03","slug":"morre-sadi-camera-membro-fundador-da-alenrio","status":"publish","type":"post","link":"https:\/\/alenrio.org.br\/site\/morre-sadi-camera-membro-fundador-da-alenrio\/","title":{"rendered":"Morre Sadi Camera, membro-fundador da Alenrio"},"content":{"rendered":"\n<p><\/p>\n\n\n\n<p>Escritor \u00e9 membro-fundador da Cadeira n.\u00b0 6<\/p>\n\n\n\n<p>A Academia de Letras do Noroeste do Rio Grande do Sul (Alenrio) informa com pesar o falecimento de Sadi Camera, acad\u00eamico fundador da Cadeira n.\u00ba 6, ocorrido no dia 11 de outubro. <\/p>\n\n\n\n<p>Professor, escritor e compositor, Sadi dedicou sua vida ao ensino e \u00e0 preserva\u00e7\u00e3o das hist\u00f3rias e lendas de Tucunduva. Em seu discurso de posse, destacou: &#8220;Esta \u00e9 uma noite muito feliz para n\u00f3s, estamos realizando um sonho, fruto de muito trabalho, dedica\u00e7\u00e3o e vontade de trabalhar, enfrentar os desafios que esta academia nos traz; de divulgar, criar, resgatar [&#8230;].&#8221;<\/p>\n\n\n\n<p>Entre suas pesquisas, Sadi catalogou lendas locais como O lobisomem de Tucunduva, A lenda do fac\u00e3o torto, Velha Cunha (a feiticeira de Tucunduva), A lenda do Jango Lemes e A menina de branco. Tamb\u00e9m \u00e9 autor de diversas composi\u00e7\u00f5es musicais, incluindo \u00caxodo, Marca Baguala e Caminhada. Publicou obras como Um homem, uma cidade, hist\u00f3rias que se entrela\u00e7am; Hist\u00f3ria do Hospital de Tucunduva e Os saqueadores de Tucunduva. Al\u00e9m disso, produziu o roteiro \u201cA feiticeira de Tucunduva\u201d, que foi finalista no New York Festivals Film &amp; Video Awards.<\/p>\n\n\n\n\n\n<p><\/p>\n","protected":false},"excerpt":{"rendered":"<p>Escritor \u00e9 membro-fundador da Cadeira n.\u00b0 6 A Academia de Letras do Noroeste do Rio Grande do Sul (Alenrio) informa com pesar o falecimento de Sadi Camera, acad\u00eamico fundador da Cadeira n.\u00ba 6, ocorrido no dia 11 de outubro. Professor, escritor e compositor, Sadi dedicou sua vida ao ensino e \u00e0 preserva\u00e7\u00e3o das hist\u00f3rias e [&hellip;]<\/p>\n","protected":false},"author":1,"featured_media":779,"comment_status":"closed","ping_status":"open","sticky":false,"template":"","format":"standard","meta":{"_eb_attr":"","footnotes":""},"categories":[5],"tags":[],"class_list":["post-778","post","type-post","status-publish","format-standard","has-post-thumbnail","hentry","category-bid"],"_links":{"self":[{"href":"https:\/\/alenrio.org.br\/site\/wp-json\/wp\/v2\/posts\/778","targetHints":{"allow":["GET"]}}],"collection":[{"href":"https:\/\/alenrio.org.br\/site\/wp-json\/wp\/v2\/posts"}],"about":[{"href":"https:\/\/alenrio.org.br\/site\/wp-json\/wp\/v2\/types\/post"}],"author":[{"embeddable":true,"href":"https:\/\/alenrio.org.br\/site\/wp-json\/wp\/v2\/users\/1"}],"replies":[{"embeddable":true,"href":"https:\/\/alenrio.org.br\/site\/wp-json\/wp\/v2\/comments?post=778"}],"version-history":[{"count":1,"href":"https:\/\/alenrio.org.br\/site\/wp-json\/wp\/v2\/posts\/778\/revisions"}],"predecessor-version":[{"id":780,"href":"https:\/\/alenrio.org.br\/site\/wp-json\/wp\/v2\/posts\/778\/revisions\/780"}],"wp:featuredmedia":[{"embeddable":true,"href":"https:\/\/alenrio.org.br\/site\/wp-json\/wp\/v2\/media\/779"}],"wp:attachment":[{"href":"https:\/\/alenrio.org.br\/site\/wp-json\/wp\/v2\/media?parent=778"}],"wp:term":[{"taxonomy":"category","embeddable":true,"href":"https:\/\/alenrio.org.br\/site\/wp-json\/wp\/v2\/categories?post=778"},{"taxonomy":"post_tag","embeddable":true,"href":"https:\/\/alenrio.org.br\/site\/wp-json\/wp\/v2\/tags?post=778"}],"curies":[{"name":"wp","href":"https:\/\/api.w.org\/{rel}","templated":true}]}}