{"id":978,"date":"2024-11-22T19:24:46","date_gmt":"2024-11-22T22:24:46","guid":{"rendered":"https:\/\/alenrio.org.br\/site\/?p=978"},"modified":"2024-11-22T19:32:43","modified_gmt":"2024-11-22T22:32:43","slug":"jorge-da-luz-marca-presenca-da-alenrio-na-27a-feira-do-livro-de-nova-petropolis","status":"publish","type":"post","link":"https:\/\/alenrio.org.br\/site\/jorge-da-luz-marca-presenca-da-alenrio-na-27a-feira-do-livro-de-nova-petropolis\/","title":{"rendered":"Jorge da Luz marca presen\u00e7a da Alenrio na 27\u00aa Feira do Livro de Nova Petr\u00f3polis"},"content":{"rendered":"\n<p><em>Acad\u00eamico lan\u00e7ou sua obra Entre os Sil\u00eancios e os Desencontros<\/em> na \u00faltima quinta (21)<\/p>\n\n\n\n<!--more-->\n\n\n\n<p>O Espa\u00e7o Autoral da 27\u00aa Feira do Livro de Nova Petr\u00f3polis foi palco, no \u00faltimo dia 21 de novembro, da participa\u00e7\u00e3o do escritor Jorge da Luz, escritor e acad\u00eamico da Academia de Letras do Noroeste do Rio Grande do Sul (Alenrio). Autor do romance Entre os Sil\u00eancios e os Desencontros, Jorge da Luz levou sua obra e reflex\u00f5es liter\u00e1rias aos Altos da Serra Ga\u00facha.<\/p>\n\n\n\n<p>No evento, o Espa\u00e7o Autoral foi preparado para estimular a intera\u00e7\u00e3o entre autores, leitores e propostas liter\u00e1rias, promovendo debates sobre estilos autorais e processos criativos. No ambiente acolhedor da Biblioteca P\u00fablica Municipal Professora Elsa Hofst\u00e4tter da Silva, o p\u00fablico participou ativamente das conversas, que ocorreram de forma descontra\u00edda e din\u00e2mica.<\/p>\n\n\n\n<p>De acordo com Jorge, o ambiente do Espa\u00e7o Autoral de Nova Petr\u00f3polis foi preparado para apresenta\u00e7\u00e3o, troca, intera\u00e7\u00e3o, integra\u00e7\u00e3o e debate das propostas liter\u00e1rias, de debates dos estilos autorais e das considera\u00e7\u00f5es dos leitores em rela\u00e7\u00e3o aos processos criativos que foram apresentados pelos autores.<\/p>\n\n\n<div class=\"wp-block-image is-style-default\">\n<figure class=\"alignright size-large is-resized\"><img  title=\"\" loading=\"lazy\" decoding=\"async\" width=\"850\" height=\"1024\" data-src=\"https:\/\/alenrio.org.br\/site\/wp-content\/uploads\/2024\/11\/jorge_luz_novapetropolis-850x1024.jpeg\"  alt=\"jorge_luz_novapetropolis-850x1024 Jorge da Luz marca presen\u00e7a da Alenrio na 27\u00aa Feira do Livro de Nova Petr\u00f3polis\"  class=\"wp-image-982 lazyload\" style=\"--smush-placeholder-width: 850px; --smush-placeholder-aspect-ratio: 850\/1024;width:300px\" src=\"data:image\/gif;base64,R0lGODlhAQABAAAAACH5BAEKAAEALAAAAAABAAEAAAICTAEAOw==\" \/><noscript><img  title=\"\" loading=\"lazy\" decoding=\"async\" width=\"850\" height=\"1024\" src=\"https:\/\/alenrio.org.br\/site\/wp-content\/uploads\/2024\/11\/jorge_luz_novapetropolis-850x1024.jpeg\"  alt=\"jorge_luz_novapetropolis-850x1024 Jorge da Luz marca presen\u00e7a da Alenrio na 27\u00aa Feira do Livro de Nova Petr\u00f3polis\"  class=\"wp-image-982\" style=\"width:300px\"\/><\/noscript><\/figure>\n<\/div>\n\n\n<p>Durante a apresenta\u00e7\u00e3o, Jorge da Luz colocou seu romance como ponto de partida para discuss\u00f5es sobre inspira\u00e7\u00f5es liter\u00e1rias e m\u00e9todos de escrita. O formato do encontro, longe de formalidades, abriu espa\u00e7o para compara\u00e7\u00f5es entre obras regionais e consagradas, criando um di\u00e1logo rico entre diferentes vis\u00f5es e interpreta\u00e7\u00f5es liter\u00e1rias.<\/p>\n\n\n\n<p>Com o debate centrado em Entre os Sil\u00eancios e os Desencontros, o escritor refor\u00e7ou a diversidade das leituras poss\u00edveis e a riqueza das m\u00faltiplas interpreta\u00e7\u00f5es que sua obra permite. A apresenta\u00e7\u00e3o consolidou-se como um momento de troca de ideias e de valoriza\u00e7\u00e3o da literatura ga\u00facha no cen\u00e1rio cultural do Estado.<\/p>\n\n\n\n<p>&#8220;O espa\u00e7o da Biblioteca P\u00fablica Municipal Professora Elsa Hofst\u00e4tter da Silva foi o palco de uma movimenta\u00e7\u00e3o bem interessante, pois as falas aconteciam sem formalidades e com grande participa\u00e7\u00e3o das pessoas presentes&#8221;, concluiu o autor.<\/p>\n\n\n\n<p>A presen\u00e7a de Jorge da Luz na 27\u00aa Feira do Livro de Nova Petr\u00f3polis vem ao encontro do compromisso da Alenrio com o fortalecimento da literatura regional e o apoio aos autores que integram a entidade.<\/p>\n\n\n\n<p><\/p>\n","protected":false},"excerpt":{"rendered":"<p>Acad\u00eamico lan\u00e7ou sua obra Entre os Sil\u00eancios e os Desencontros na \u00faltima quinta (21)<\/p>\n","protected":false},"author":1,"featured_media":979,"comment_status":"closed","ping_status":"open","sticky":false,"template":"","format":"standard","meta":{"_eb_attr":"","footnotes":""},"categories":[5],"tags":[],"class_list":["post-978","post","type-post","status-publish","format-standard","has-post-thumbnail","hentry","category-bid"],"_links":{"self":[{"href":"https:\/\/alenrio.org.br\/site\/wp-json\/wp\/v2\/posts\/978","targetHints":{"allow":["GET"]}}],"collection":[{"href":"https:\/\/alenrio.org.br\/site\/wp-json\/wp\/v2\/posts"}],"about":[{"href":"https:\/\/alenrio.org.br\/site\/wp-json\/wp\/v2\/types\/post"}],"author":[{"embeddable":true,"href":"https:\/\/alenrio.org.br\/site\/wp-json\/wp\/v2\/users\/1"}],"replies":[{"embeddable":true,"href":"https:\/\/alenrio.org.br\/site\/wp-json\/wp\/v2\/comments?post=978"}],"version-history":[{"count":4,"href":"https:\/\/alenrio.org.br\/site\/wp-json\/wp\/v2\/posts\/978\/revisions"}],"predecessor-version":[{"id":987,"href":"https:\/\/alenrio.org.br\/site\/wp-json\/wp\/v2\/posts\/978\/revisions\/987"}],"wp:featuredmedia":[{"embeddable":true,"href":"https:\/\/alenrio.org.br\/site\/wp-json\/wp\/v2\/media\/979"}],"wp:attachment":[{"href":"https:\/\/alenrio.org.br\/site\/wp-json\/wp\/v2\/media?parent=978"}],"wp:term":[{"taxonomy":"category","embeddable":true,"href":"https:\/\/alenrio.org.br\/site\/wp-json\/wp\/v2\/categories?post=978"},{"taxonomy":"post_tag","embeddable":true,"href":"https:\/\/alenrio.org.br\/site\/wp-json\/wp\/v2\/tags?post=978"}],"curies":[{"name":"wp","href":"https:\/\/api.w.org\/{rel}","templated":true}]}}