{"id":990,"date":"2024-11-20T07:25:28","date_gmt":"2024-11-20T10:25:28","guid":{"rendered":"https:\/\/alenrio.org.br\/site\/?p=990"},"modified":"2024-11-23T09:07:49","modified_gmt":"2024-11-23T12:07:49","slug":"camara-de-horizontina-homenageia-alenrio-com-mocao-de-aplauso","status":"publish","type":"post","link":"https:\/\/alenrio.org.br\/site\/camara-de-horizontina-homenageia-alenrio-com-mocao-de-aplauso\/","title":{"rendered":"C\u00e2mara de Horizontina homenageia Alenrio com Mo\u00e7\u00e3o de Aplauso"},"content":{"rendered":"\n<p><em>Sess\u00e3o solene que concedeu a Mo\u00e7\u00e3o de Aplauso \u00e0 Alenrio aconteceu na segunda-feira (18), na sede do Poder Legislativo de Horizontina<\/em><\/p>\n\n\n\n<!--more-->\n\n\n\n<p>No dia 18 de novembro, a Academia de Letras do Noroeste do Rio Grande do Sul (Alenrio) foi agraciada com uma Mo\u00e7\u00e3o de Aplauso durante a sess\u00e3o plen\u00e1ria ordin\u00e1ria da C\u00e2mara de Vereadores de Horizontina. A homenagem reconheceu a entidade como um importante vetor de fomento \u00e0 literatura e cultura na regi\u00e3o noroeste do Estado. A proposta, aprovada por unanimidade, foi apresentada pelo presidente da C\u00e2mara, vereador \u00c1lvaro Callegaro.<\/p>\n\n\n\n<p>Ao justificar a homenagem, o presidente \u00c1lvaro destacou a relev\u00e2ncia da Alenrio e de seus membros na valoriza\u00e7\u00e3o da literatura e na promo\u00e7\u00e3o de iniciativas culturais na regi\u00e3o. \u201cEsta mo\u00e7\u00e3o \u00e9 um reconhecimento justo e necess\u00e1rio e reflete o respeito da C\u00e2mara de Vereadores para com aqueles que contribuem para o enriquecimento cultural e o bem-estar de nossa comunidade\u201d, afirmou.<\/p>\n\n\n\n<p>Renato Pereira, presidente da Alenrio, usou a Tribuna da C\u00e2mara para agradecer a Mo\u00e7\u00e3o de Aplauso. Em seu discurso, fez um breve relato sobre a hist\u00f3ria da Academia, enfatizando a recente sess\u00e3o solene de agosto, quando oito novos membros foram empossados. Entre eles, Cassiano Telles, que passou a ocupar a cadeira 19, cuja patronesse \u00e9 a artista pl\u00e1stica Zaira Logemann, ambos com destacada trajet\u00f3ria no munic\u00edpio de Horizontina. &#8220;A Alenrio \u00e9 volunt\u00e1ria pela causa da literatura, da escrita e pelo fortalecimento das pol\u00edticas culturais nos munic\u00edpios de sua abrang\u00eancia&#8221;, afirmou.<\/p>\n\n\n\n<p>Durante o grande expediente, os vereadores Rafael Tiago Godoy, Ana Denise Gorgen Strapasson e Diogo Luiz Weiss se manifestaram, refor\u00e7ando a import\u00e2ncia da Alenrio para o munic\u00edpio de Horizontina e sua contribui\u00e7\u00e3o para a cultura regional.<\/p>\n\n\n\n<p>A comitiva da Alenrio presente \u00e0 sess\u00e3o foi composta pela vice-presidente, Tanize Tomasi, e pelos acad\u00eamicos Cassiano Telles, Dalmiro Volnei Silva, Cleci Maria Scheid, Gretel Priebe, Nair Carpenedo e Teresinha Servat Gazola, al\u00e9m do presidente Renato Pereira.<\/p>\n\n\n\n<p>A cerim\u00f4nia tamb\u00e9m foi marcada por outras homenagens, como a Mo\u00e7\u00e3o de Aplauso concedida \u00e0 Associa\u00e7\u00e3o Sociocultural Alem\u00e3 de Horizontina (ASCAH) e ao casal Maria Melz Giovanella e Nelcio Giovanella, em reconhecimento aos 50 anos de dedica\u00e7\u00e3o ao munic\u00edpio.<\/p>\n\n\n\n<p><strong>Galeria<\/strong><\/p>\n\n\n\n<figure class=\"wp-block-gallery has-nested-images columns-default is-cropped wp-block-gallery-1 is-layout-flex wp-block-gallery-is-layout-flex\">\n<figure data-wp-context=\"{&quot;imageId&quot;:&quot;69f0a753b3530&quot;}\" data-wp-interactive=\"core\/image\" data-wp-key=\"69f0a753b3530\" class=\"wp-block-image size-large wp-lightbox-container\"><img  title=\"\" loading=\"lazy\" decoding=\"async\" width=\"1024\" height=\"576\" data-wp-class--hide=\"state.isContentHidden\" data-wp-class--show=\"state.isContentVisible\" data-wp-init=\"callbacks.setButtonStyles\" data-wp-on--click=\"actions.showLightbox\" data-wp-on--load=\"callbacks.setButtonStyles\" data-wp-on-window--resize=\"callbacks.setButtonStyles\" data-id=\"992\" data-src=\"https:\/\/alenrio.org.br\/site\/wp-content\/uploads\/2024\/11\/mocao_horizontina002-1024x576.jpg\"  alt=\"mocao_horizontina002-1024x576 C\u00e2mara de Horizontina homenageia Alenrio com Mo\u00e7\u00e3o de Aplauso\"  class=\"wp-image-992 lazyload\" data-srcset=\"https:\/\/alenrio.org.br\/site\/wp-content\/uploads\/2024\/11\/mocao_horizontina002-1024x576.jpg 1024w, https:\/\/alenrio.org.br\/site\/wp-content\/uploads\/2024\/11\/mocao_horizontina002-300x169.jpg 300w, https:\/\/alenrio.org.br\/site\/wp-content\/uploads\/2024\/11\/mocao_horizontina002-768x432.jpg 768w, https:\/\/alenrio.org.br\/site\/wp-content\/uploads\/2024\/11\/mocao_horizontina002-1536x864.jpg 1536w, https:\/\/alenrio.org.br\/site\/wp-content\/uploads\/2024\/11\/mocao_horizontina002.jpg 2048w\" data-sizes=\"auto, (max-width: 1024px) 100vw, 1024px\" src=\"data:image\/gif;base64,R0lGODlhAQABAAAAACH5BAEKAAEALAAAAAABAAEAAAICTAEAOw==\" style=\"--smush-placeholder-width: 1024px; --smush-placeholder-aspect-ratio: 1024\/576;\" \/><noscript><img  title=\"\" loading=\"lazy\" decoding=\"async\" width=\"1024\" height=\"576\" data-wp-class--hide=\"state.isContentHidden\" data-wp-class--show=\"state.isContentVisible\" data-wp-init=\"callbacks.setButtonStyles\" data-wp-on--click=\"actions.showLightbox\" data-wp-on--load=\"callbacks.setButtonStyles\" data-wp-on-window--resize=\"callbacks.setButtonStyles\" data-id=\"992\" src=\"https:\/\/alenrio.org.br\/site\/wp-content\/uploads\/2024\/11\/mocao_horizontina002-1024x576.jpg\"  alt=\"mocao_horizontina002-1024x576 C\u00e2mara de Horizontina homenageia Alenrio com Mo\u00e7\u00e3o de Aplauso\"  class=\"wp-image-992\" srcset=\"https:\/\/alenrio.org.br\/site\/wp-content\/uploads\/2024\/11\/mocao_horizontina002-1024x576.jpg 1024w, https:\/\/alenrio.org.br\/site\/wp-content\/uploads\/2024\/11\/mocao_horizontina002-300x169.jpg 300w, https:\/\/alenrio.org.br\/site\/wp-content\/uploads\/2024\/11\/mocao_horizontina002-768x432.jpg 768w, https:\/\/alenrio.org.br\/site\/wp-content\/uploads\/2024\/11\/mocao_horizontina002-1536x864.jpg 1536w, https:\/\/alenrio.org.br\/site\/wp-content\/uploads\/2024\/11\/mocao_horizontina002.jpg 2048w\" sizes=\"auto, (max-width: 1024px) 100vw, 1024px\" \/><\/noscript><button\n\t\t\tclass=\"lightbox-trigger\"\n\t\t\ttype=\"button\"\n\t\t\taria-haspopup=\"dialog\"\n\t\t\taria-label=\"Ampliar\"\n\t\t\tdata-wp-init=\"callbacks.initTriggerButton\"\n\t\t\tdata-wp-on--click=\"actions.showLightbox\"\n\t\t\tdata-wp-style--right=\"state.imageButtonRight\"\n\t\t\tdata-wp-style--top=\"state.imageButtonTop\"\n\t\t>\n\t\t\t<svg xmlns=\"http:\/\/www.w3.org\/2000\/svg\" width=\"12\" height=\"12\" fill=\"none\" viewBox=\"0 0 12 12\">\n\t\t\t\t<path fill=\"#fff\" d=\"M2 0a2 2 0 0 0-2 2v2h1.5V2a.5.5 0 0 1 .5-.5h2V0H2Zm2 10.5H2a.5.5 0 0 1-.5-.5V8H0v2a2 2 0 0 0 2 2h2v-1.5ZM8 12v-1.5h2a.5.5 0 0 0 .5-.5V8H12v2a2 2 0 0 1-2 2H8Zm2-12a2 2 0 0 1 2 2v2h-1.5V2a.5.5 0 0 0-.5-.5H8V0h2Z\" \/>\n\t\t\t<\/svg>\n\t\t<\/button><figcaption class=\"wp-element-caption\">Presidente Renato Pereira discursa na Tribuna da C\u00e2mara de Horizontina<\/figcaption><\/figure>\n\n\n\n<figure data-wp-context=\"{&quot;imageId&quot;:&quot;69f0a753b44bd&quot;}\" data-wp-interactive=\"core\/image\" data-wp-key=\"69f0a753b44bd\" class=\"wp-block-image size-large wp-lightbox-container\"><img  title=\"\" loading=\"lazy\" decoding=\"async\" width=\"1024\" height=\"576\" data-wp-class--hide=\"state.isContentHidden\" data-wp-class--show=\"state.isContentVisible\" data-wp-init=\"callbacks.setButtonStyles\" data-wp-on--click=\"actions.showLightbox\" data-wp-on--load=\"callbacks.setButtonStyles\" data-wp-on-window--resize=\"callbacks.setButtonStyles\" data-id=\"991\" data-src=\"https:\/\/alenrio.org.br\/site\/wp-content\/uploads\/2024\/11\/mocao_horizontina001-1024x576.jpg\"  alt=\"mocao_horizontina001-1024x576 C\u00e2mara de Horizontina homenageia Alenrio com Mo\u00e7\u00e3o de Aplauso\"  class=\"wp-image-991 lazyload\" data-srcset=\"https:\/\/alenrio.org.br\/site\/wp-content\/uploads\/2024\/11\/mocao_horizontina001-1024x576.jpg 1024w, https:\/\/alenrio.org.br\/site\/wp-content\/uploads\/2024\/11\/mocao_horizontina001-300x169.jpg 300w, https:\/\/alenrio.org.br\/site\/wp-content\/uploads\/2024\/11\/mocao_horizontina001-768x432.jpg 768w, https:\/\/alenrio.org.br\/site\/wp-content\/uploads\/2024\/11\/mocao_horizontina001-1536x864.jpg 1536w, https:\/\/alenrio.org.br\/site\/wp-content\/uploads\/2024\/11\/mocao_horizontina001.jpg 2048w\" data-sizes=\"auto, (max-width: 1024px) 100vw, 1024px\" src=\"data:image\/gif;base64,R0lGODlhAQABAAAAACH5BAEKAAEALAAAAAABAAEAAAICTAEAOw==\" style=\"--smush-placeholder-width: 1024px; --smush-placeholder-aspect-ratio: 1024\/576;\" \/><noscript><img  title=\"\" loading=\"lazy\" decoding=\"async\" width=\"1024\" height=\"576\" data-wp-class--hide=\"state.isContentHidden\" data-wp-class--show=\"state.isContentVisible\" data-wp-init=\"callbacks.setButtonStyles\" data-wp-on--click=\"actions.showLightbox\" data-wp-on--load=\"callbacks.setButtonStyles\" data-wp-on-window--resize=\"callbacks.setButtonStyles\" data-id=\"991\" src=\"https:\/\/alenrio.org.br\/site\/wp-content\/uploads\/2024\/11\/mocao_horizontina001-1024x576.jpg\"  alt=\"mocao_horizontina001-1024x576 C\u00e2mara de Horizontina homenageia Alenrio com Mo\u00e7\u00e3o de Aplauso\"  class=\"wp-image-991\" srcset=\"https:\/\/alenrio.org.br\/site\/wp-content\/uploads\/2024\/11\/mocao_horizontina001-1024x576.jpg 1024w, https:\/\/alenrio.org.br\/site\/wp-content\/uploads\/2024\/11\/mocao_horizontina001-300x169.jpg 300w, https:\/\/alenrio.org.br\/site\/wp-content\/uploads\/2024\/11\/mocao_horizontina001-768x432.jpg 768w, https:\/\/alenrio.org.br\/site\/wp-content\/uploads\/2024\/11\/mocao_horizontina001-1536x864.jpg 1536w, https:\/\/alenrio.org.br\/site\/wp-content\/uploads\/2024\/11\/mocao_horizontina001.jpg 2048w\" sizes=\"auto, (max-width: 1024px) 100vw, 1024px\" \/><\/noscript><button\n\t\t\tclass=\"lightbox-trigger\"\n\t\t\ttype=\"button\"\n\t\t\taria-haspopup=\"dialog\"\n\t\t\taria-label=\"Ampliar\"\n\t\t\tdata-wp-init=\"callbacks.initTriggerButton\"\n\t\t\tdata-wp-on--click=\"actions.showLightbox\"\n\t\t\tdata-wp-style--right=\"state.imageButtonRight\"\n\t\t\tdata-wp-style--top=\"state.imageButtonTop\"\n\t\t>\n\t\t\t<svg xmlns=\"http:\/\/www.w3.org\/2000\/svg\" width=\"12\" height=\"12\" fill=\"none\" viewBox=\"0 0 12 12\">\n\t\t\t\t<path fill=\"#fff\" d=\"M2 0a2 2 0 0 0-2 2v2h1.5V2a.5.5 0 0 1 .5-.5h2V0H2Zm2 10.5H2a.5.5 0 0 1-.5-.5V8H0v2a2 2 0 0 0 2 2h2v-1.5ZM8 12v-1.5h2a.5.5 0 0 0 .5-.5V8H12v2a2 2 0 0 1-2 2H8Zm2-12a2 2 0 0 1 2 2v2h-1.5V2a.5.5 0 0 0-.5-.5H8V0h2Z\" \/>\n\t\t\t<\/svg>\n\t\t<\/button><figcaption class=\"wp-element-caption\">Membros da Alenrio recebem mo\u00e7\u00e3o de aplauso<\/figcaption><\/figure>\n<\/figure>\n\n\n\n<p><\/p>\n","protected":false},"excerpt":{"rendered":"<p>Sess\u00e3o solene que concedeu a Mo\u00e7\u00e3o de Aplauso \u00e0 Alenrio aconteceu na segunda-feira (18), na sede do Poder Legislativo de Horizontina<\/p>\n","protected":false},"author":1,"featured_media":991,"comment_status":"closed","ping_status":"open","sticky":false,"template":"","format":"standard","meta":{"_eb_attr":"","footnotes":""},"categories":[5],"tags":[],"class_list":["post-990","post","type-post","status-publish","format-standard","has-post-thumbnail","hentry","category-bid"],"_links":{"self":[{"href":"https:\/\/alenrio.org.br\/site\/wp-json\/wp\/v2\/posts\/990","targetHints":{"allow":["GET"]}}],"collection":[{"href":"https:\/\/alenrio.org.br\/site\/wp-json\/wp\/v2\/posts"}],"about":[{"href":"https:\/\/alenrio.org.br\/site\/wp-json\/wp\/v2\/types\/post"}],"author":[{"embeddable":true,"href":"https:\/\/alenrio.org.br\/site\/wp-json\/wp\/v2\/users\/1"}],"replies":[{"embeddable":true,"href":"https:\/\/alenrio.org.br\/site\/wp-json\/wp\/v2\/comments?post=990"}],"version-history":[{"count":3,"href":"https:\/\/alenrio.org.br\/site\/wp-json\/wp\/v2\/posts\/990\/revisions"}],"predecessor-version":[{"id":999,"href":"https:\/\/alenrio.org.br\/site\/wp-json\/wp\/v2\/posts\/990\/revisions\/999"}],"wp:featuredmedia":[{"embeddable":true,"href":"https:\/\/alenrio.org.br\/site\/wp-json\/wp\/v2\/media\/991"}],"wp:attachment":[{"href":"https:\/\/alenrio.org.br\/site\/wp-json\/wp\/v2\/media?parent=990"}],"wp:term":[{"taxonomy":"category","embeddable":true,"href":"https:\/\/alenrio.org.br\/site\/wp-json\/wp\/v2\/categories?post=990"},{"taxonomy":"post_tag","embeddable":true,"href":"https:\/\/alenrio.org.br\/site\/wp-json\/wp\/v2\/tags?post=990"}],"curies":[{"name":"wp","href":"https:\/\/api.w.org\/{rel}","templated":true}]}}